{"id":11498,"date":"2024-03-13T13:06:19","date_gmt":"2024-03-13T13:06:19","guid":{"rendered":"https:\/\/www.guarara.mg.gov.br\/wp\/?p=11498"},"modified":"2025-06-09T13:23:27","modified_gmt":"2025-06-09T13:23:27","slug":"aviso-de-licitacao","status":"publish","type":"post","link":"https:\/\/www.guarara.mg.gov.br\/wp\/aviso-de-licitacao\/","title":{"rendered":"Processos Licitatorios 2024"},"content":{"rendered":"<table style=\"height: 6039px; width: 100%; border-style: solid; border-color: #000000;\">\n<tbody>\n<tr style=\"height: 281px;\">\n<td style=\"width: 99.8758%; border-color: #000000; height: 270px;\"><span style=\"font-size: 12pt;\"><strong>Processo n\u00ba 3\/2024\u00a0 \u00a0 \u00a0 \u00a0 \u00a0 Dispensa n\u00ba 1\/2024\u00a0 \u00a0 \u00a0 \u00a0 \u00a0 \u00a0 \u00a0 \u00a0 \u00a0 \u00a0 \u00a0 \u00a0 \u00a0 \u00a0 \u00a0 \u00a0 \u00a0 \u00a0 \u00a0 \u00a0 \u00a0 \u00a0 \u00a0 \u00a0 \u00a0 \u00a0 \u00a0 \u00a0 \u00a0 \u00a0 \u00a0 \u00a0 \u00a0 \u00a0 \u00a0<span style=\"color: #ff0000;\">FINALIZADO<\/span><\/strong><\/span><br \/>\n<span style=\"font-size: 12pt;\"><strong>Objeto: <\/strong>Contrata\u00e7\u00e3o de fornecedores provenientes de chamamento p\u00fablico (agricultura familiar).<\/span><br \/>\n<span style=\"font-size: 12pt;\"><strong>Data: \u00a0<\/strong>04\/03\/2024.<\/span><\/p>\n<table style=\"height: 56px; width: 100%; border-collapse: collapse; line-height: 1; border-style: solid; border-color: #0c10f2;\">\n<tbody>\n<tr style=\"height: 46px;\">\n<th style=\"width: 14.2857%; height: 10px; border-style: solid; border-color: #0f07f2; text-align: center; vertical-align: middle;\" scope=\"row\"><span style=\"font-size: 10pt;\"><strong>Ratifica\u00e7\u00e3o<\/strong><\/span><\/th>\n<th style=\"width: 14.2857%; height: 10px; border-style: solid; border-color: #0f07f2; text-align: center; vertical-align: middle;\" scope=\"row\"><span style=\"font-size: 10pt;\"><strong>Contrato<\/strong><\/span><\/th>\n<th style=\"width: 14.2857%; height: 10px; border-style: solid; border-color: #0f07f2; text-align: center; vertical-align: middle;\" scope=\"row\"><span style=\"font-size: 10pt;\"><strong>Publica\u00e7\u00e3o Contrato<\/strong><\/span><\/th>\n<\/tr>\n<tr style=\"height: 61px;\">\n<td style=\"width: 14.2857%; text-align: center; vertical-align: middle; height: 10px; border-style: solid; border-color: #070beb;\" scope=\"row\"><span style=\"font-size: 8pt;\"><strong><a href=\"https:\/\/www.guarara.mg.gov.br\/wp\/wp-content\/uploads\/2024\/03\/Ratificacao-1.pdf\">Ratificacao<\/a><\/strong><\/span><\/td>\n<td style=\"width: 14.2857%; text-align: center; vertical-align: middle; height: 10px; border-style: solid; border-color: #070beb;\" scope=\"row\"><span style=\"font-size: 8pt;\"><strong><a href=\"https:\/\/www.guarara.mg.gov.br\/wp\/wp-content\/uploads\/2024\/03\/Contrato-ADIB.pdf\">Contrato &#8211; ADIB<\/a><\/strong><\/span><br \/>\n<span style=\"font-size: 8pt;\"><strong><a href=\"https:\/\/www.guarara.mg.gov.br\/wp\/wp-content\/uploads\/2024\/03\/Contrato-ERNANY.pdf\">Contrato &#8211; ERNANY<\/a><\/strong><\/span><br \/>\n<span style=\"font-size: 8pt;\"><strong><a href=\"https:\/\/www.guarara.mg.gov.br\/wp\/wp-content\/uploads\/2024\/03\/Contrato-JOSE-FERREIRA.pdf\">Contrato &#8211; JOSE FERREIRA<\/a><\/strong><\/span><br \/>\n<span style=\"font-size: 8pt;\"><strong><a href=\"https:\/\/www.guarara.mg.gov.br\/wp\/wp-content\/uploads\/2024\/03\/Contrato-JOSE-GERALDO.pdf\">Contrato &#8211; JOS\u00c9 GERALDO<\/a><\/strong><\/span><br \/>\n<span style=\"font-size: 8pt;\"><strong><a href=\"https:\/\/www.guarara.mg.gov.br\/wp\/wp-content\/uploads\/2024\/03\/Contrato-LEANDRO.pdf\">Contrato &#8211; LEANDRO<\/a><\/strong><\/span><br \/>\n<span style=\"font-size: 8pt;\"><strong><a href=\"https:\/\/www.guarara.mg.gov.br\/wp\/wp-content\/uploads\/2024\/03\/Contrato-RHUAN.pdf\">Contrato &#8211; RHUAN<\/a><\/strong><\/span><br \/>\n<span style=\"font-size: 8pt;\"><strong><a href=\"https:\/\/www.guarara.mg.gov.br\/wp\/wp-content\/uploads\/2024\/03\/Contrato-SILVERIO.pdf\">Contrato &#8211; SILVERIO<\/a><\/strong><\/span><\/td>\n<td style=\"width: 14.2857%; text-align: center; vertical-align: middle; height: 10px; border-style: solid; border-color: #070beb;\" scope=\"row\"><span style=\"font-size: 8pt;\"><strong><a href=\"https:\/\/www.guarara.mg.gov.br\/wp\/wp-content\/uploads\/2024\/03\/DOE-2.pdf\">DOE<\/a><\/strong><\/span><br \/>\n<strong><span style=\"font-size: 8pt;\"><a href=\"https:\/\/www.guarara.mg.gov.br\/wp\/wp-content\/uploads\/2024\/03\/DOU-1.pdf\">DOU<\/a><\/span><\/strong><\/td>\n<\/tr>\n<\/tbody>\n<\/table>\n<\/td>\n<\/tr>\n<tr style=\"height: 85px;\">\n<td style=\"width: 99.8758%; height: 85px; border-color: #000000;\"><strong>Processo n\u00ba 4\/2024\u00a0 \u00a0 \u00a0 \u00a0 \u00a0 P.P n\u00ba 1\/2024\u00a0 \u00a0 \u00a0 \u00a0 \u00a0 Sistema de Registro de Pre\u00e7o\u00a0 \u00a0 \u00a0 \u00a0 \u00a0 \u00a0 \u00a0<span style=\"color: #ff0000;\">FINALIZADO<\/span><\/strong><br \/>\n<strong>Objeto: <\/strong>Contrata\u00e7\u00e3o de interessados no fornecimento combust\u00edveis para frota do Munic\u00edpio.<br \/>\n<strong>Data Abertura:<\/strong> 28\/03\/2024. \u00a0 \u00a0 \u00a0 \u00a0 \u00a0 \u00a0 \u00a0 \u00a0 \u00a0 \u00a0 \u00a0 <strong>Hora:<\/strong> 09h30min.<\/p>\n<table style=\"height: 56px; width: 100%; border-collapse: collapse; line-height: 1; border-style: solid; border-color: #0c10f2;\">\n<tbody>\n<tr style=\"height: 46px;\">\n<th style=\"width: 6.46461%; height: 20px; text-align: center; border-style: solid; border-color: #0a2df5; vertical-align: middle;\" scope=\"row\"><span style=\"font-size: 10pt;\"><strong>Edital<\/strong><\/span><\/th>\n<th style=\"width: 19.594%; height: 20px; text-align: center; border-style: solid; border-color: #0a2df5; vertical-align: middle;\" scope=\"row\"><span style=\"font-size: 10pt;\"><strong>Publica\u00e7\u00e3o Edital<\/strong><\/span><\/th>\n<th style=\"width: 14.5883%; height: 20px; text-align: center; border-style: solid; border-color: #0a2df5; vertical-align: middle;\" scope=\"row\"><span style=\"font-size: 10pt;\"><strong>Ata Certame<\/strong><\/span><\/th>\n<th style=\"width: 1.29702%; height: 20px; text-align: center; border-style: solid; border-color: #0a2df5; vertical-align: middle;\" scope=\"row\"><span style=\"font-size: 10pt;\"><strong>Homologa\u00e7\u00e3o<\/strong><\/span><\/th>\n<th style=\"width: 13.4637%; height: 20px; text-align: center; border-style: solid; border-color: #0a2df5; vertical-align: middle;\" scope=\"row\"><span style=\"font-size: 10pt;\"><strong>Ata\u00a0<\/strong><\/span><\/th>\n<th style=\"width: 18.6438%; text-align: center; height: 20px; border-style: solid; border-color: #0a2df5; vertical-align: middle;\" scope=\"row\"><span style=\"font-size: 10pt;\"><strong>Publica\u00e7\u00e3o Ata<\/strong><\/span><\/th>\n<\/tr>\n<tr style=\"height: 61px;\">\n<td style=\"width: 6.46461%; text-align: center; height: 36px; border-style: solid; border-color: #190af2; vertical-align: middle;\" scope=\"row\"><span style=\"font-size: 8pt;\"><strong><a href=\"https:\/\/www.guarara.mg.gov.br\/wp\/wp-content\/uploads\/2024\/03\/03-EditalCompleto-Combustiveis-2.docx\">Edital<\/a><\/strong><\/span><\/td>\n<td style=\"width: 19.594%; text-align: center; height: 36px; border-style: solid; border-color: #190af2; vertical-align: middle;\" scope=\"row\"><span style=\"color: #000000; font-size: 8pt;\"><strong>13\/03\/2024<\/strong><\/span><\/td>\n<td style=\"width: 14.5883%; text-align: center; height: 36px; border-style: solid; border-color: #190af2; vertical-align: middle;\" scope=\"row\"><span style=\"font-size: 8pt;\"><strong><a href=\"https:\/\/www.guarara.mg.gov.br\/wp\/wp-content\/uploads\/2024\/03\/08-Ata-de-Abertura-da-Licitacao.pdf\">Ata de Abertura<\/a><\/strong><\/span><\/td>\n<td style=\"width: 1.29702%; text-align: center; height: 36px; border-style: solid; border-color: #190af2; vertical-align: middle;\" scope=\"row\"><span style=\"font-size: 8pt;\"><a href=\"https:\/\/www.guarara.mg.gov.br\/wp\/wp-content\/uploads\/2024\/03\/Homologacao.pdf\"><strong>Homologa\u00e7\u00e3o<\/strong><\/a><\/span><\/td>\n<td style=\"width: 13.4637%; text-align: center; height: 36px; border-style: solid; border-color: #190af2; vertical-align: middle;\" scope=\"row\"><strong><span style=\"font-size: 8pt;\"><a href=\"https:\/\/www.guarara.mg.gov.br\/wp\/wp-content\/uploads\/2024\/03\/12-Ata-de-Registro.pdf\">Ata de Registro<\/a><\/span><\/strong><\/td>\n<td style=\"width: 18.6438%; text-align: center; height: 36px; border-style: solid; border-color: #190af2; vertical-align: middle;\" scope=\"row\"><strong><span style=\"font-size: 8pt;\"><a href=\"https:\/\/www.guarara.mg.gov.br\/wp\/wp-content\/uploads\/2024\/03\/DOE-Copia.pdf\">DOE<\/a><\/span><\/strong><br \/>\n<span style=\"font-size: 8pt;\"><strong><a href=\"https:\/\/www.guarara.mg.gov.br\/wp\/wp-content\/uploads\/2024\/03\/DOU.pdf\">DOU<\/a><\/strong><\/span><\/td>\n<\/tr>\n<\/tbody>\n<\/table>\n<\/td>\n<\/tr>\n<tr style=\"height: 252px;\">\n<td style=\"width: 99.8758%; border-color: #000000; height: 252px;\"><strong>Processo n\u00ba 5\/2024\u00a0 \u00a0 \u00a0 \u00a0 \u00a0 P.P n\u00ba 2\/2024\u00a0 \u00a0 \u00a0 \u00a0 \u00a0 Sistema de Registro de Pre\u00e7o\u00a0 \u00a0 \u00a0 \u00a0 \u00a0 \u00a0 \u00a0 <span style=\"color: #ff0000;\">FINALIZADO<\/span><\/strong><br \/>\n<strong>Objeto: <\/strong>Contrata\u00e7\u00e3o de interessados no fornecimento g\u00eaneros aliment\u00edcios (merenda escolar).<br \/>\n<strong>Data Abertura:<\/strong> 08\/04\/2024.\u00a0 \u00a0 \u00a0 \u00a0 \u00a0 \u00a0 \u00a0 \u00a0 \u00a0 \u00a0 \u00a0 \u00a0 <strong>Hora:<\/strong> 09h30min.<\/p>\n<table style=\"width: 100%; border-collapse: collapse; border-style: solid; line-height: 1; border-color: #0717f2; height: 118px;\">\n<tbody>\n<tr style=\"height: 46px;\">\n<th style=\"width: 6.46725%; text-align: center; border-style: solid; border-color: #2e07f2; vertical-align: middle; height: 46px;\" scope=\"row\"><strong><span style=\"font-size: 10pt;\">Edital<\/span><\/strong><\/th>\n<th style=\"width: 17.9025%; text-align: center; border-style: solid; border-color: #2e07f2; vertical-align: middle; height: 46px;\" scope=\"row\"><strong><span style=\"font-size: 10pt;\">Publica\u00e7\u00e3o Edital<\/span><\/strong><\/th>\n<th style=\"width: 13.5428%; text-align: center; border-style: solid; border-color: #2e07f2; vertical-align: middle; height: 46px;\" scope=\"row\"><strong><span style=\"font-size: 10pt;\">Ata Certame<\/span><\/strong><\/th>\n<th style=\"width: 3.69601%; text-align: center; border-style: solid; border-color: #2e07f2; vertical-align: middle; height: 46px;\" scope=\"row\"><strong><span style=\"font-size: 10pt;\">Homologa\u00e7\u00e3o<\/span><\/strong><\/th>\n<th style=\"width: 13.5643%; text-align: center; border-style: solid; border-color: #2e07f2; vertical-align: middle; height: 46px;\" scope=\"row\"><strong><span style=\"font-size: 10pt;\">Ata\u00a0<\/span><\/strong><\/th>\n<th style=\"width: 17.8683%; text-align: center; border-style: solid; border-color: #2e07f2; vertical-align: middle; height: 46px;\" scope=\"row\"><strong><span style=\"font-size: 10pt;\">Publica\u00e7\u00e3o <\/span><\/strong><strong><span style=\"font-size: 10pt;\">Ata<\/span><\/strong><\/th>\n<\/tr>\n<tr style=\"height: 72px;\">\n<td style=\"width: 6.46725%; text-align: center; border-style: solid; border-color: #0a15f2; vertical-align: middle; height: 72px;\" scope=\"row\"><span style=\"font-size: 8pt;\"><strong><a href=\"https:\/\/www.guarara.mg.gov.br\/wp\/wp-content\/uploads\/2024\/03\/06-EditalCompleto-Merenda-1.docx\">Edital<\/a><\/strong><\/span><\/td>\n<td style=\"width: 17.9025%; text-align: center; border-style: solid; border-color: #0a15f2; vertical-align: middle; height: 72px;\" scope=\"row\"><span style=\"font-size: 8pt;\"><strong>20\/03\/2024<\/strong><\/span><\/td>\n<td style=\"width: 13.5428%; text-align: center; border-style: solid; border-color: #0a15f2; vertical-align: middle; height: 72px;\" scope=\"row\"><strong><a href=\"https:\/\/www.guarara.mg.gov.br\/wp\/wp-content\/uploads\/2024\/03\/11-Ata.pdf\"><span style=\"font-size: 8pt;\">Ata de Abertura<\/span><\/a><\/strong><\/td>\n<td style=\"width: 3.69601%; text-align: center; border-style: solid; border-color: #0a15f2; vertical-align: middle; height: 72px;\" scope=\"row\"><span style=\"font-size: 8pt;\"><strong><a href=\"https:\/\/www.guarara.mg.gov.br\/wp\/wp-content\/uploads\/2024\/03\/12-Homologacao.pdf\">Homologa\u00e7\u00e3o<\/a><\/strong><\/span><\/td>\n<td style=\"width: 13.5643%; text-align: center; border-style: solid; border-color: #0a15f2; vertical-align: middle; height: 72px;\" scope=\"row\"><strong><span style=\"font-size: 8pt;\"><a href=\"https:\/\/www.guarara.mg.gov.br\/wp\/wp-content\/uploads\/2024\/03\/15-Ata-de-Registro-Passos.pdf\">Ata de Registro Passos<\/a><\/span><\/strong><br \/>\n<a href=\"https:\/\/www.guarara.mg.gov.br\/wp\/wp-content\/uploads\/2024\/03\/17-Ata-de-Registro-Organizacao.pdf\"><span style=\"font-size: 8pt;\"><strong>Ata de Registro Organiza\u00e7\u00e3o<\/strong><\/span><\/a><\/td>\n<td style=\"width: 17.8683%; text-align: center; border-style: solid; border-color: #0a15f2; vertical-align: middle; height: 72px;\" scope=\"row\"><span style=\"font-size: 8pt;\"><strong><a href=\"https:\/\/www.guarara.mg.gov.br\/wp\/wp-content\/uploads\/2024\/03\/18-Publicacao-Extrato-DOE.pdf\">DOE<\/a><\/strong><\/span><br \/>\n<strong><span style=\"font-size: 8pt;\"><a href=\"https:\/\/www.guarara.mg.gov.br\/wp\/wp-content\/uploads\/2024\/03\/19-Publicacao-Extrato-DOU.pdf\">DOU<\/a><\/span><\/strong><\/td>\n<\/tr>\n<\/tbody>\n<\/table>\n<\/td>\n<\/tr>\n<tr style=\"height: 314px;\">\n<td style=\"width: 99.8758%; border-color: #000000; height: 50px;\"><strong>Processo n\u00ba 6\/2024\u00a0 \u00a0 \u00a0 \u00a0 \u00a0 Inexigibilidade n\u00ba 1\/2024\u00a0 \u00a0 \u00a0 \u00a0 \u00a0 \u00a0 \u00a0 \u00a0 \u00a0 \u00a0 \u00a0 \u00a0 \u00a0 \u00a0 \u00a0 \u00a0 \u00a0 \u00a0 \u00a0 \u00a0 \u00a0 \u00a0 \u00a0 \u00a0 \u00a0 \u00a0 \u00a0 \u00a0 \u00a0 <span style=\"color: #ff0000;\">FINALIZADO<\/span><\/strong><br \/>\n<strong>Objeto:<\/strong>Contrata\u00e7\u00e3o por inexigibilidade de Bandas de Renome Nacional para apresenta\u00e7\u00e3o de Show Musical na 6\u00aa Festa do Pe\u00e3o de Guarar\u00e1 2024.<br \/>\n<strong>Data: <\/strong>\u00a001\/04\/2024.<\/p>\n<table style=\"height: 56px; width: 100%; border-collapse: collapse; line-height: 1; border-style: solid; border-color: #0511f2;\">\n<tbody>\n<tr style=\"height: 46px;\">\n<th style=\"width: 14.2857%; text-align: center; height: 46px; border-style: solid; border-color: #0d05f2; vertical-align: middle;\" scope=\"row\"><span style=\"font-size: 10pt;\"><strong>Ratifica\u00e7\u00e3o<\/strong><\/span><\/th>\n<th style=\"width: 14.2857%; text-align: center; height: 46px; border-style: solid; border-color: #0d05f2; vertical-align: middle;\" scope=\"row\"><strong><span style=\"font-size: 10pt;\">Contrato<\/span><\/strong><\/th>\n<th style=\"width: 14.2857%; text-align: center; height: 46px; border-style: solid; border-color: #0d05f2; vertical-align: middle;\" scope=\"row\"><strong><span style=\"font-size: 10pt;\">Publica\u00e7\u00e3o Contrato<\/span><\/strong><\/th>\n<\/tr>\n<tr style=\"height: 61px;\">\n<td style=\"width: 14.2857%; text-align: center; height: 10px; border-style: solid; border-color: #110af0; vertical-align: middle;\" scope=\"row\"><span style=\"font-size: 8pt;\"><strong><a href=\"https:\/\/www.guarara.mg.gov.br\/wp\/wp-content\/uploads\/2024\/03\/Ratificacao.pdf\">Ratificacao<\/a><\/strong><\/span><\/td>\n<td style=\"width: 14.2857%; text-align: center; height: 10px; border-style: solid; border-color: #110af0; vertical-align: middle;\" scope=\"row\"><span style=\"font-size: 8pt;\"><strong><a href=\"https:\/\/www.guarara.mg.gov.br\/wp\/wp-content\/uploads\/2024\/03\/11-contrato-CONTRACT.pdf\">Contrato CONTRACT<\/a><\/strong><\/span><\/td>\n<td style=\"width: 14.2857%; text-align: center; height: 10px; border-style: solid; border-color: #110af0; vertical-align: middle;\" scope=\"row\"><span style=\"font-size: 8pt;\"><strong><a href=\"https:\/\/www.guarara.mg.gov.br\/wp\/wp-content\/uploads\/2024\/03\/14-Publicacao-Extrato-DOU.pdf\">DOU<\/a><\/strong><\/span><br \/>\n<span style=\"font-size: 8pt;\"><strong><a href=\"https:\/\/www.guarara.mg.gov.br\/wp\/wp-content\/uploads\/2024\/03\/14-Publicacao-Extrato-DOE.pdf\">DOE<\/a><\/strong><\/span><\/td>\n<\/tr>\n<\/tbody>\n<\/table>\n<\/td>\n<\/tr>\n<tr style=\"height: 378px;\">\n<td style=\"width: 99.8758%; border-color: #000000; height: 359px;\"><strong>Processo n\u00ba 7\/2024\u00a0 \u00a0 \u00a0 \u00a0 \u00a0 P.P n\u00ba 3\/2024\u00a0 \u00a0 \u00a0 \u00a0 \u00a0 Sistema de Registro de Pre\u00e7o\u00a0 \u00a0 \u00a0 \u00a0 \u00a0 \u00a0 \u00a0 <span style=\"color: #ff0000;\">FINALIZADO<\/span><\/strong><br \/>\n<strong>Objeto:<\/strong>Aquisi\u00e7\u00e3o de material para o termino da revitaliza\u00e7\u00e3o da Pra\u00e7a Coronel Afonso Leite e Constru\u00e7\u00e3o do galp\u00e3o para abrigar os ve\u00edculos da frota municipal, obras relacionadas ao FINISA conforme contrato n 0607772-023.<br \/>\n<strong>Data Abertura:<\/strong> 22\/04\/2024.\u00a0 \u00a0 \u00a0 \u00a0 \u00a0 \u00a0 \u00a0 \u00a0 \u00a0 \u00a0 \u00a0 \u00a0 <strong>Hora:<\/strong> 09h30min.<\/p>\n<table style=\"height: 139px; width: 100%; border-collapse: collapse; line-height: 1; border-style: solid; t. r. aviso ata ratifica\u00e7\u00e3o contrato publ. contrato border-color: #1b07f2; border-color: #0743f7;\">\n<tbody>\n<tr style=\"height: 46px;\">\n<th style=\"width: 5.04053%; border-style: solid; border-color: #1b07f5; vertical-align: middle; height: 46px; text-align: center;\" scope=\"row\"><span style=\"font-size: 10pt;\"><strong>Edital<\/strong><\/span><\/th>\n<th style=\"width: 19.7183%; border-style: solid; border-color: #1b07f5; vertical-align: middle; height: 46px; text-align: center;\" scope=\"row\"><span style=\"font-size: 10pt;\"><strong>Publica\u00e7\u00e3o Edital<\/strong><\/span><\/th>\n<th style=\"width: 17.0448%; border-style: solid; border-color: #1b07f5; vertical-align: middle; height: 46px; text-align: center;\" scope=\"row\"><span style=\"font-size: 10pt;\"><strong>Ata Certame<\/strong><\/span><\/th>\n<th style=\"width: 1.29702%; border-style: solid; border-color: #1b07f5; vertical-align: middle; height: 46px; text-align: center;\" scope=\"row\"><span style=\"font-size: 10pt;\"><strong>Homologa\u00e7\u00e3o<\/strong><\/span><\/th>\n<th style=\"width: 15.6395%; border-style: solid; border-color: #1b07f5; vertical-align: middle; height: 46px; text-align: center;\" scope=\"row\"><span style=\"font-size: 10pt;\"><strong>Contrato\u00a0<\/strong><\/span><\/th>\n<th style=\"width: 14.4961%; border-style: solid; border-color: #1b07f5; vertical-align: middle; height: 46px; text-align: center;\" scope=\"row\"><span style=\"font-size: 10pt;\"><strong>Publica\u00e7\u00e3o <\/strong><strong>Contrato<\/strong><\/span><\/th>\n<\/tr>\n<tr style=\"height: 93px;\">\n<td style=\"width: 5.04053%; border-style: solid; border-color: #200cf5; vertical-align: middle; height: 93px; text-align: center;\" scope=\"row\"><strong><span style=\"font-size: 8pt;\"><a href=\"https:\/\/www.guarara.mg.gov.br\/wp\/wp-content\/uploads\/2024\/03\/08-EditalCompleto-Material.docx\">Edital<\/a><\/span><\/strong><br \/>\n<a href=\"https:\/\/www.guarara.mg.gov.br\/wp\/wp-content\/uploads\/2024\/03\/Proposta-Digital.xlsx\"><span style=\"font-size: 8pt;\"><strong>Proposta<\/strong><\/span> <span style=\"font-size: 8pt;\"><strong>Digital<\/strong><\/span><\/a><\/td>\n<td style=\"width: 19.7183%; border-style: solid; border-color: #200cf5; vertical-align: middle; height: 93px; text-align: center;\" scope=\"row\"><span style=\"font-size: 8pt;\"><strong>04\/04\/2024<\/strong><\/span><\/td>\n<td style=\"width: 17.0448%; border-style: solid; border-color: #200cf5; vertical-align: middle; height: 93px; text-align: center;\" scope=\"row\"><a href=\"https:\/\/www.guarara.mg.gov.br\/wp\/wp-content\/uploads\/2024\/03\/13-Ata.pdf\"><span style=\"font-size: 10pt;\"><strong><span style=\"font-size: 8pt;\">Ata de Abertura<\/span><\/strong><\/span><\/a><\/td>\n<td style=\"width: 1.29702%; border-style: solid; border-color: #200cf5; vertical-align: middle; height: 93px; text-align: center;\" scope=\"row\"><strong><span style=\"font-size: 8pt;\"><a href=\"https:\/\/www.guarara.mg.gov.br\/wp\/wp-content\/uploads\/2024\/03\/13-Homologacao.pdf\">Homologa\u00e7\u00e3o<\/a><\/span><\/strong><\/td>\n<td style=\"width: 15.6395%; border-style: solid; border-color: #200cf5; vertical-align: middle; height: 93px; text-align: center;\" scope=\"row\"><strong><span style=\"font-size: 8pt;\"><a href=\"https:\/\/www.guarara.mg.gov.br\/wp\/wp-content\/uploads\/2024\/03\/18-Contrato-Andre.doc\">Contrato Andre<\/a><\/span><\/strong><br \/>\n<strong><span style=\"font-size: 8pt;\"><a href=\"https:\/\/www.guarara.mg.gov.br\/wp\/wp-content\/uploads\/2024\/03\/20-Contrato-Areial.doc\">Contrato Areial<\/a><\/span><\/strong><br \/>\n<span style=\"font-size: 8pt;\"><strong><a href=\"https:\/\/www.guarara.mg.gov.br\/wp\/wp-content\/uploads\/2024\/03\/22-Contrato-Araujo.doc\">Contrato Araujo<\/a><\/strong><\/span><br \/>\n<span style=\"font-size: 8pt;\"><strong><a href=\"https:\/\/www.guarara.mg.gov.br\/wp\/wp-content\/uploads\/2024\/03\/24-Contrato-Santos.doc\">Contrato Santos<\/a><\/strong><\/span><br \/>\n<strong><span style=\"font-size: 8pt;\"><a href=\"https:\/\/www.guarara.mg.gov.br\/wp\/wp-content\/uploads\/2024\/03\/26-Contrato-PJ.doc\">Contrato PJ<\/a><\/span><\/strong><br \/>\n<strong><span style=\"font-size: 8pt;\"><a href=\"https:\/\/www.guarara.mg.gov.br\/wp\/wp-content\/uploads\/2024\/03\/28-Contrato-Lider.doc\">Contrato Lider<\/a><\/span><\/strong><\/td>\n<td style=\"width: 14.4961%; border-style: solid; border-color: #200cf5; vertical-align: middle; height: 93px; text-align: center;\" scope=\"row\"><strong><span style=\"font-size: 8pt;\"><a href=\"https:\/\/www.guarara.mg.gov.br\/wp\/wp-content\/uploads\/2024\/03\/29-Publicacao-Extrato-DOE.pdf\">DOE<\/a><\/span><\/strong><br \/>\n<strong><span style=\"font-size: 8pt;\"><a href=\"https:\/\/www.guarara.mg.gov.br\/wp\/wp-content\/uploads\/2024\/03\/29-Publicacao-Extrato-DOU.pdf\">DOU<\/a><\/span><\/strong><\/td>\n<\/tr>\n<\/tbody>\n<\/table>\n<p><span style=\"font-size: 10pt;\"><strong><span style=\"color: #ff0000;\">Importante: N\u00e3o esquecer de realizar o download da Proposta Digital e trazer no dia do certame.<\/span><\/strong><\/span><\/td>\n<\/tr>\n<tr style=\"height: 272px;\">\n<td style=\"width: 99.8758%; border-color: #000000; height: 272px;\"><strong>Processo n\u00ba 8\/2024\u00a0 \u00a0 \u00a0 \u00a0 \u00a0 P.P n\u00ba 4\/2024\u00a0 \u00a0 \u00a0 \u00a0 \u00a0 Sistema de Registro de Pre\u00e7o\u00a0 \u00a0 \u00a0 \u00a0 \u00a0 \u00a0 \u00a0<span style=\"color: #ff0000;\">FINALIZADO<\/span><\/strong><br \/>\n<strong>Objeto: <\/strong>Aquisi\u00e7\u00e3o de Medicamentos \u00c9ticos e outros, conforme lista da CMED Anvisa, pelo Sistema Registro de Pre\u00e7os, para atender as necessidades de tratamentos de Sa\u00fade com Medicamentos n\u00e3o dispon\u00edveis na Farm\u00e1cia B\u00e1sica do Munic\u00edpio e Ordens Judiciais.<br \/>\n<strong>Data Abertura:<\/strong> 22\/04\/2024.\u00a0 \u00a0 \u00a0 \u00a0 \u00a0 \u00a0 \u00a0 \u00a0 \u00a0 \u00a0 \u00a0 \u00a0 <strong>Hora:<\/strong> 13h30min.<\/p>\n<table style=\"width: 100%; border-collapse: collapse; line-height: 1; border-style: solid; border-color: #1707f2;\">\n<tbody>\n<tr>\n<th style=\"width: 4.00291%; text-align: center; border-style: solid; border-color: #1b07f5; vertical-align: middle;\" scope=\"row\"><span style=\"font-size: 10pt;\"><strong>Edital<\/strong><\/span><\/th>\n<th style=\"width: 18.9401%; text-align: center; border-style: solid; border-color: #1b07f5; vertical-align: middle;\" scope=\"row\"><span style=\"font-size: 10pt;\"><strong>Publica\u00e7\u00e3o Edital<\/strong><\/span><\/th>\n<th style=\"width: 15.3587%; text-align: center; border-style: solid; border-color: #1b07f5; vertical-align: middle;\" scope=\"row\"><span style=\"font-size: 10pt;\"><strong>Ata Certame<\/strong><\/span><\/th>\n<th style=\"width: 8.88408%; text-align: center; border-style: solid; border-color: #1b07f5; vertical-align: middle;\" scope=\"row\"><span style=\"font-size: 10pt;\"><strong>Homologa\u00e7\u00e3o<\/strong><\/span><\/th>\n<th style=\"width: 16.4176%; text-align: center; border-style: solid; border-color: #1b07f5; vertical-align: middle;\" scope=\"row\"><span style=\"font-size: 10pt;\"><strong>Ata\u00a0<\/strong><\/span><\/th>\n<th style=\"width: 9.43777%; text-align: center; border-style: solid; border-color: #1b07f5; vertical-align: middle;\" scope=\"row\"><span style=\"font-size: 10pt;\"><strong>Publica\u00e7\u00e3o <\/strong><strong>Ata<\/strong><\/span><\/th>\n<\/tr>\n<tr>\n<td style=\"width: 4.00291%; text-align: center; border-style: solid; border-color: #1b07f2; vertical-align: middle;\" scope=\"row\"><a href=\"https:\/\/www.guarara.mg.gov.br\/wp\/wp-content\/uploads\/2024\/03\/08-EditalCompleto-Medicamento-1.docx\"><span style=\"font-size: 8pt;\"><strong>Edital<\/strong><\/span><\/a><\/td>\n<td style=\"width: 18.9401%; text-align: center; border-style: solid; border-color: #1b07f2; vertical-align: middle;\" scope=\"row\"><span style=\"font-size: 8pt;\"><strong>04\/04\/2024<\/strong><\/span><\/td>\n<td style=\"width: 15.3587%; text-align: center; border-style: solid; border-color: #1b07f2; vertical-align: middle;\" scope=\"row\"><a href=\"https:\/\/www.guarara.mg.gov.br\/wp\/wp-content\/uploads\/2024\/03\/12-Ata.pdf\"><strong><span style=\"font-size: 8pt;\">Ata de Abertura<\/span><\/strong><\/a><\/td>\n<td style=\"width: 8.88408%; text-align: center; border-style: solid; border-color: #1b07f2; vertical-align: middle;\" scope=\"row\"><strong><span style=\"font-size: 8pt;\"><a href=\"https:\/\/www.guarara.mg.gov.br\/wp\/wp-content\/uploads\/2024\/03\/13-Homologacao-1.pdf\">Homologa\u00e7\u00e3o<\/a><\/span><\/strong><\/td>\n<td style=\"width: 16.4176%; text-align: center; border-style: solid; border-color: #1b07f2; vertical-align: middle;\" scope=\"row\"><strong><span style=\"font-size: 8pt;\"><a href=\"https:\/\/www.guarara.mg.gov.br\/wp\/wp-content\/uploads\/2024\/03\/16-Ata-de-Registro-Drogaria.pdf\">Ata de Registro Drogaria<\/a><\/span><\/strong><\/td>\n<td style=\"width: 9.43777%; text-align: center; border-style: solid; border-color: #1b07f2; vertical-align: middle;\" scope=\"row\"><span style=\"font-size: 8pt;\"><strong><a href=\"https:\/\/www.guarara.mg.gov.br\/wp\/wp-content\/uploads\/2024\/03\/17-Publicacao-Extrato-DOE.pdf\">DOE<\/a><\/strong><\/span><br \/>\n<strong><span style=\"font-size: 8pt;\"><a href=\"https:\/\/www.guarara.mg.gov.br\/wp\/wp-content\/uploads\/2024\/03\/17-Publicacao-Extrato-DOU.pdf\">DOU<\/a><\/span><\/strong><\/td>\n<\/tr>\n<\/tbody>\n<\/table>\n<\/td>\n<\/tr>\n<tr style=\"height: 355px;\">\n<td style=\"width: 99.8758%; border-color: #000000; height: 355px;\"><strong><strong> Processo n\u00ba 9\/2024\u00a0 \u00a0 \u00a0 \u00a0 Inexigibilidade n\u00ba 4\/2024\u00a0 \u00a0 \u00a0 \u00a0 Credenciamento n\u00ba 1\/2024\u00a0 \u00a0 \u00a0 <span style=\"color: #ff0000;\">FINALIZADO\u00a0<\/span><\/strong><\/strong><\/p>\n<p data-wahfont=\"15\"><strong>Objeto:\u00a0<\/strong>Credenciamento de pessoas jur\u00eddicas para presta\u00e7\u00e3o de servi\u00e7os de oficineiros para atuar nas Oficinas a serem desenvolvidas nos Servi\u00e7os de Conviv\u00eancia e Fortalecimento de V\u00ednculos para crian\u00e7as, adolescentes e idosos, conforme Termo de Referencia (anexo I) e Projeto (anexo II).<\/p>\n<p data-wahfont=\"15\"><strong>Data para Credenciar:<\/strong>\u00a0Das 09h00mim do dia 30\/04\/2024 at\u00e9 as 16h00mim do 30\/11\/2024.<\/p>\n<table style=\"width: 100%; border-collapse: collapse; line-height: 1; border-style: solid; border-color: #070bf5;\">\n<tbody>\n<tr>\n<th style=\"width: 14.2857%; border-style: solid; border-color: #1307f5; text-align: center; vertical-align: middle;\" scope=\"row\"><span style=\"font-size: 10pt;\">Edital<\/span><\/th>\n<th style=\"width: 13.1114%; border-style: solid; border-color: #1307f5; text-align: center; vertical-align: middle;\" scope=\"row\"><span style=\"font-size: 10pt;\">Aviso<\/span><\/th>\n<th style=\"width: 15.46%; border-style: solid; border-color: #1307f5; text-align: center; vertical-align: middle;\" scope=\"row\"><span style=\"font-size: 10pt;\">Ata Certame<\/span><\/th>\n<th style=\"width: 14.2857%; border-style: solid; border-color: #1307f5; text-align: center; vertical-align: middle;\" scope=\"row\"><span style=\"font-size: 10pt;\">Lista\u00a0<\/span><\/th>\n<th style=\"width: 13.6372%; border-style: solid; border-color: #1307f5; text-align: center; vertical-align: middle;\" scope=\"row\"><span style=\"font-size: 10pt;\">Ratifica\u00e7\u00e3o<\/span><\/th>\n<th style=\"width: 14.9342%; border-style: solid; border-color: #1307f5; text-align: center; vertical-align: middle;\" scope=\"row\"><span style=\"font-size: 10pt;\">Contrato<\/span><\/th>\n<th style=\"width: 14.2857%; border-style: solid; border-color: #1307f5; text-align: center; vertical-align: middle;\" scope=\"row\"><span style=\"font-size: 10pt;\">Publica\u00e7\u00e3o Contrato<\/span><\/th>\n<\/tr>\n<tr>\n<td style=\"width: 14.2857%; border-style: solid; border-color: #054af7; text-align: center; vertical-align: middle;\" scope=\"row\"><strong><span style=\"font-size: 8pt;\"><a href=\"https:\/\/www.guarara.mg.gov.br\/wp\/wp-content\/uploads\/2024\/03\/Edital.pdf\">Edital<\/a><\/span><\/strong><\/td>\n<td style=\"width: 13.1114%; border-style: solid; border-color: #054af7; text-align: center; vertical-align: middle;\" scope=\"row\"><strong><span style=\"font-size: 8pt;\"><a href=\"https:\/\/www.guarara.mg.gov.br\/wp\/wp-content\/uploads\/2024\/03\/Aviso.pdf\">Aviso<\/a><\/span><\/strong><\/td>\n<td style=\"width: 15.46%; border-style: solid; border-color: #054af7; text-align: center; vertical-align: middle;\" scope=\"row\"><strong><span style=\"font-size: 8pt;\"><a href=\"https:\/\/www.guarara.mg.gov.br\/wp\/wp-content\/uploads\/2024\/03\/1a-Ata-Credenciamento.pdf\">1\u00aa Ata Credenciamento<\/a><\/span><\/strong><br \/>\n<span style=\"font-size: 8pt;\"><strong><a href=\"https:\/\/www.guarara.mg.gov.br\/wp\/wp-content\/uploads\/2024\/03\/2a-Ata-Credenciamento.pdf\">2\u00aa Ata Credenciamento<\/a><\/strong><\/span><\/td>\n<td style=\"width: 14.2857%; border-style: solid; border-color: #054af7; text-align: center; vertical-align: middle;\" scope=\"row\"><strong><span style=\"font-size: 8pt;\"><a href=\"https:\/\/www.guarara.mg.gov.br\/wp\/wp-content\/uploads\/2024\/03\/1a-Lista.pdf\">1\u00aa Lista<\/a><\/span><\/strong><br \/>\n<strong><span style=\"font-size: 8pt;\"><a href=\"https:\/\/www.guarara.mg.gov.br\/wp\/wp-content\/uploads\/2024\/03\/2a-Lista.pdf\">2\u00aa Lista<\/a><\/span><\/strong><\/td>\n<td style=\"width: 13.6372%; border-style: solid; border-color: #054af7; text-align: center; vertical-align: middle;\" scope=\"row\"><strong><span style=\"font-size: 8pt;\"><a href=\"https:\/\/www.guarara.mg.gov.br\/wp\/wp-content\/uploads\/2024\/03\/1a-Ratificacao.pdf\">1\u00aa Ratificacao<\/a><\/span><\/strong><br \/>\n<strong><span style=\"font-size: 8pt;\"><a href=\"https:\/\/www.guarara.mg.gov.br\/wp\/wp-content\/uploads\/2024\/03\/2a-Ratificacao.pdf\">2\u00aa Ratificacao<\/a><\/span><\/strong><\/td>\n<td style=\"width: 14.9342%; border-style: solid; border-color: #054af7; text-align: center; vertical-align: middle;\" scope=\"row\"><strong><span style=\"font-size: 8pt;\"><a href=\"https:\/\/www.guarara.mg.gov.br\/wp\/wp-content\/uploads\/2024\/03\/Contrato-Frankslainy.pdf\">Contrato Frankslainy<\/a><\/span><\/strong><br \/>\n<span style=\"font-size: 8pt;\"><strong><a href=\"https:\/\/www.guarara.mg.gov.br\/wp\/wp-content\/uploads\/2024\/03\/Contrato-Ivani.pdf\">Contrato Ivani<\/a><\/strong><\/span><br \/>\n<a href=\"https:\/\/www.guarara.mg.gov.br\/wp\/wp-content\/uploads\/2024\/03\/Contrato-Suzana.pdf\"><strong><span style=\"font-size: 8pt;\">Contrato Suzana<\/span><\/strong><\/a><br \/>\n<a href=\"https:\/\/www.guarara.mg.gov.br\/wp\/wp-content\/uploads\/2024\/03\/Contrato-Maricleide.pdf\"><strong><span style=\"font-size: 8pt;\">Contrato Maricleide<\/span><\/strong><\/a><br \/>\n<a href=\"https:\/\/www.guarara.mg.gov.br\/wp\/wp-content\/uploads\/2024\/03\/Contrato-Giselle.pdf\"><strong><span style=\"font-size: 8pt;\">Contrato Giselle<\/span><\/strong><\/a><br \/>\n<a href=\"https:\/\/www.guarara.mg.gov.br\/wp\/wp-content\/uploads\/2024\/03\/Contrato-Luiz.pdf\"><strong><span style=\"font-size: 8pt;\">Contrato Luiz<\/span><\/strong><\/a><\/td>\n<td style=\"width: 14.2857%; border-style: solid; border-color: #054af7; text-align: center; vertical-align: middle;\" scope=\"row\"><strong><span style=\"font-size: 8pt;\"><a href=\"https:\/\/www.guarara.mg.gov.br\/wp\/wp-content\/uploads\/2024\/03\/34-Publicacao-Extrato-DOE.pdf\">DOE<\/a><\/span><\/strong><br \/>\n<strong><span style=\"font-size: 8pt;\"><a href=\"https:\/\/www.guarara.mg.gov.br\/wp\/wp-content\/uploads\/2024\/03\/34-Publicacao-Extrato-DOU.pdf\">DOU<\/a><\/span><\/strong><\/td>\n<\/tr>\n<\/tbody>\n<\/table>\n<\/td>\n<\/tr>\n<tr style=\"height: 290px;\">\n<td style=\"width: 99.8758%; border-color: #000000; height: 258px;\"><strong>Processo n\u00ba 10\/2024\u00a0 \u00a0 \u00a0 \u00a0 \u00a0 P.P n\u00ba 5\/2024\u00a0 \u00a0 \u00a0 \u00a0 \u00a0 Sistema de Registro de Pre\u00e7o\u00a0 \u00a0 \u00a0 \u00a0 \u00a0 \u00a0 \u00a0<span style=\"color: #ff0000;\">REVOGADO<\/span><br \/>\nObjeto: <\/strong>Aquisi\u00e7\u00e3o de material de limpeza e descart\u00e1veis para atender as secretarias do munic\u00edpio.<strong><br \/>\nData Abertura: <\/strong>06\/05\/2024.\u00a0 \u00a0 \u00a0<strong> \u00a0 \u00a0 \u00a0 \u00a0 \u00a0 \u00a0 \u00a0 \u00a0 \u00a0 Hora: <\/strong>09h30min.<\/p>\n<table style=\"width: 100%; border-collapse: collapse; line-height: 1; border-style: solid; border-color: #0a19f5;\">\n<tbody>\n<tr>\n<th style=\"width: 5.55934%; text-align: center; vertical-align: middle; border-style: solid; border-color: #0a24f0;\" scope=\"row\"><span style=\"font-size: 10pt;\"><strong>Edital<\/strong><\/span><\/th>\n<th style=\"width: 19.3292%; text-align: center; vertical-align: middle; border-style: solid; border-color: #0a24f0;\" scope=\"row\"><span style=\"font-size: 10pt;\"><strong>Publica\u00e7\u00e3o Edital<\/strong><\/span><\/th>\n<th style=\"width: 15.2289%; text-align: center; vertical-align: middle; border-style: solid; border-color: #0a24f0;\" scope=\"row\"><span style=\"font-size: 10pt;\"><strong>Ata Certame<\/strong><\/span><\/th>\n<th style=\"width: 2.7881%; text-align: center; vertical-align: middle; border-style: solid; border-color: #0a24f0;\" scope=\"row\"><span style=\"font-size: 10pt;\"><strong>Homologa\u00e7\u00e3o<\/strong><\/span><\/th>\n<th style=\"width: 15.6395%; text-align: center; vertical-align: middle; border-style: solid; border-color: #0a24f0;\" scope=\"row\"><span style=\"font-size: 10pt;\"><strong>Contrato\/Ata\u00a0<\/strong><\/span><\/th>\n<th style=\"width: 14.4961%; text-align: center; vertical-align: middle; border-style: solid; border-color: #0a24f0;\" scope=\"row\"><span style=\"font-size: 10pt;\"><strong>Publica\u00e7\u00e3o <\/strong><strong>Contrato\/Ata<\/strong><\/span><\/th>\n<\/tr>\n<tr>\n<td style=\"width: 5.55934%; border-style: solid; border-color: #0520f0; text-align: center; vertical-align: middle;\" scope=\"row\"><span style=\"font-size: 8pt;\"><strong style=\"font-size: 10.6667px;\"><a style=\"font-size: 10.6667px;\" href=\"https:\/\/www.guarara.mg.gov.br\/wp\/wp-content\/uploads\/2024\/03\/07-EditalCompleto-Limpeza-Descartaveis.docx\">Edital<\/a><\/strong><\/span><br \/>\n<a style=\"font-size: 16px; font-style: normal; font-weight: 400; background-color: #ffffff;\" href=\"https:\/\/www.guarara.mg.gov.br\/wp\/wp-content\/uploads\/2024\/03\/Proposta-Digital-1.xlsx\"><strong style=\"font-size: 16px;\"><span style=\"font-size: 8pt;\">Proposta Digital<\/span><\/strong><\/a><\/td>\n<td style=\"width: 19.3292%; border-style: solid; border-color: #0520f0; text-align: center; vertical-align: middle;\" scope=\"row\"><strong style=\"font-size: 16px; font-style: normal;\"><span style=\"font-size: 8pt;\">18\/04\/2024<\/span><\/strong><\/td>\n<td style=\"width: 15.2289%; border-style: solid; border-color: #0520f0; text-align: center; vertical-align: middle;\" scope=\"row\"><a href=\"https:\/\/www.guarara.mg.gov.br\/wp\/wp-content\/uploads\/2024\/03\/11-Ata-1.pdf\"><strong><span style=\"font-size: 8pt;\">Ata Certame<\/span><\/strong><\/a><\/td>\n<td style=\"width: 2.7881%; border-style: solid; border-color: #0520f0; text-align: center; vertical-align: middle; background-color: #f20c0c;\" scope=\"row\"><\/td>\n<td style=\"width: 15.6395%; border-style: solid; border-color: #0520f0; text-align: center; vertical-align: middle; background-color: #f20c0c;\" scope=\"row\"><\/td>\n<td style=\"width: 14.4961%; border-style: solid; border-color: #0520f0; text-align: center; vertical-align: middle; background-color: #f20c0c;\" scope=\"row\"><\/td>\n<\/tr>\n<\/tbody>\n<\/table>\n<p><span style=\"font-size: 10pt;\"><strong><span style=\"color: #ff0000;\">Importante: N\u00e3o esquecer de realizar o download da Proposta Digital e trazer no dia do certame.<\/span><\/strong><\/span><\/td>\n<\/tr>\n<tr style=\"height: 226px;\">\n<td style=\"width: 99.8758%; border-color: #000000; height: 226px;\"><strong>Processo n\u00ba 11\/2024\u00a0 \u00a0 \u00a0 \u00a0 \u00a0 Inexigibilidade n\u00ba 5\/2024\u00a0 \u00a0 \u00a0 \u00a0 \u00a0 \u00a0 \u00a0 \u00a0 \u00a0 \u00a0 \u00a0 \u00a0 \u00a0 \u00a0 \u00a0 \u00a0 \u00a0 \u00a0 \u00a0 \u00a0 \u00a0 \u00a0 \u00a0 \u00a0 \u00a0 \u00a0 \u00a0 \u00a0 <span style=\"color: #ff0000;\">FINALIZADO<\/span><br \/>\nObjeto: <\/strong>Contrata\u00e7\u00e3o por inexigibilidade de Bandas de Renome Nacional para apresenta\u00e7\u00e3o de Show Musical na 6\u00aa Festa do Pe\u00e3o de Guarar\u00e1 2024.<strong><br \/>\nData: \u00a0<\/strong>25\/04\/2024.<\/p>\n<table style=\"width: 100%; border-collapse: collapse; line-height: 1; border-style: solid; border-color: #0a2df2;\">\n<tbody>\n<tr style=\"height: 46px;\">\n<th style=\"width: 14.2857%; text-align: center; height: 46px; border-style: solid; border-color: #0d05f2; vertical-align: middle;\" scope=\"row\"><span style=\"font-size: 10pt;\"><strong>Ratifica\u00e7\u00e3o<\/strong><\/span><\/th>\n<th style=\"width: 14.2857%; text-align: center; height: 46px; border-style: solid; border-color: #0d05f2; vertical-align: middle;\" scope=\"row\"><strong><span style=\"font-size: 10pt;\">Contrato<\/span><\/strong><\/th>\n<th style=\"width: 14.2857%; text-align: center; height: 46px; border-style: solid; border-color: #0d05f2; vertical-align: middle;\" scope=\"row\"><strong><span style=\"font-size: 10pt;\">Publica\u00e7\u00e3o Contrato<\/span><\/strong><\/th>\n<\/tr>\n<tr>\n<td style=\"width: 14.2857%; border-style: solid; border-color: #0e0af7; text-align: center; vertical-align: middle;\" scope=\"row\"><strong><span style=\"font-size: 8pt;\"><a href=\"https:\/\/www.guarara.mg.gov.br\/wp\/wp-content\/uploads\/2024\/03\/Ratificacao-2.pdf\">Ratificacao<\/a><\/span><\/strong><\/td>\n<td style=\"width: 14.2857%; border-style: solid; border-color: #0e0af7; text-align: center; vertical-align: middle;\" scope=\"row\"><strong><span style=\"font-size: 8pt;\"><a href=\"https:\/\/www.guarara.mg.gov.br\/wp\/wp-content\/uploads\/2024\/03\/Contrato-D-E-L.pdf\">Contrato D E L<\/a><\/span><\/strong><\/td>\n<td style=\"width: 14.2857%; border-style: solid; border-color: #0e0af7; text-align: center; vertical-align: middle;\" scope=\"row\"><strong><span style=\"font-size: 8pt;\"><a href=\"https:\/\/www.guarara.mg.gov.br\/wp\/wp-content\/uploads\/2024\/03\/12-Publicacao-Extrato-DOE.pdf\">DOE<\/a><\/span><\/strong><br \/>\n<a href=\"https:\/\/www.guarara.mg.gov.br\/wp\/wp-content\/uploads\/2024\/03\/12-Publicacao-Extrato-DOU.pdf\"><strong><span style=\"font-size: 8pt;\">DOU<\/span><\/strong><\/a><\/td>\n<\/tr>\n<\/tbody>\n<\/table>\n<\/td>\n<\/tr>\n<tr style=\"height: 214px;\">\n<td style=\"width: 99.8758%; border-color: #000000; height: 214px;\"><strong>Processo n\u00ba 12\/2024\u00a0 \u00a0 \u00a0 \u00a0 \u00a0Dispensa n\u00ba 1\/2024\u00a0 \u00a0 \u00a0 \u00a0 \u00a0 \u00a0 \u00a0 \u00a0 \u00a0 \u00a0 \u00a0 \u00a0 \u00a0 \u00a0 \u00a0 \u00a0 \u00a0 \u00a0 \u00a0 \u00a0 \u00a0 \u00a0 \u00a0 \u00a0 \u00a0 \u00a0 \u00a0 \u00a0 \u00a0 \u00a0 \u00a0 \u00a0 \u00a0 \u00a0 <span style=\"color: #ff0000;\">FINALIZADO<\/span><br \/>\nObjeto: <\/strong>Contrata\u00e7\u00e3o de empresa para promo\u00e7\u00e3o, realiza\u00e7\u00e3o e acompanhamento do campeonato interno de futebol 2024 de Guarar\u00e1.<strong><br \/>\nData: \u00a0<\/strong>03\/05\/2024.<\/p>\n<table style=\"width: 100%; border-collapse: collapse; line-height: 1; border-style: solid; border-color: #0529f7;\">\n<tbody>\n<tr>\n<th style=\"width: 16.6455%; border-style: solid; border-color: #0e0af5; text-align: center; vertical-align: top;\" scope=\"row\"><span style=\"font-size: 10pt;\" data-wahfont=\"13\"><strong>T. R.<\/strong><\/span><\/th>\n<th style=\"width: 16.6455%; border-style: solid; border-color: #0e0af5; text-align: center; vertical-align: top;\" scope=\"row\"><span style=\"font-size: 10pt;\" data-wahfont=\"13\"><strong>Aviso<\/strong><\/span><\/th>\n<th style=\"width: 16.6455%; border-style: solid; border-color: #0e0af5; text-align: center; vertical-align: top;\" scope=\"row\"><span style=\"font-size: 10pt;\" data-wahfont=\"13\"><strong>Ata Certame<\/strong><\/span><\/th>\n<th style=\"width: 16.6455%; border-style: solid; border-color: #0e0af5; text-align: center; vertical-align: top;\" scope=\"row\"><span style=\"font-size: 10pt;\" data-wahfont=\"13\"><strong>Ratifica\u00e7\u00e3o<\/strong><\/span><\/th>\n<th style=\"width: 16.6455%; border-style: solid; border-color: #0e0af5; text-align: center; vertical-align: top;\" scope=\"row\"><span style=\"font-size: 10pt;\" data-wahfont=\"13\"><strong>Contrato<\/strong><\/span><\/th>\n<th style=\"width: 16.6455%; border-style: solid; border-color: #0e0af5; text-align: center; vertical-align: top;\" scope=\"row\"><span style=\"font-size: 10pt;\" data-wahfont=\"13\"><strong>Publica\u00e7\u00e3o Contrato<\/strong><\/span><\/th>\n<\/tr>\n<tr>\n<td style=\"width: 16.6455%; border-style: solid; border-color: #050df7; text-align: center; vertical-align: middle;\" scope=\"row\"><strong><span style=\"font-size: 8pt;\"><a href=\"https:\/\/www.guarara.mg.gov.br\/wp\/wp-content\/uploads\/2024\/03\/Termo-de-Referencia.pdf\">Termo de Referencia<\/a><\/span><\/strong><\/td>\n<td style=\"width: 16.6455%; border-style: solid; border-color: #050df7; text-align: center; vertical-align: middle;\" scope=\"row\"><strong><span style=\"font-size: 8pt;\"><a href=\"https:\/\/www.guarara.mg.gov.br\/wp\/wp-content\/uploads\/2024\/03\/Aviso-Recebimento-de-Proposta.pdf\">Recebimento de Proposta<\/a><\/span><\/strong><\/td>\n<td style=\"width: 16.6455%; border-style: solid; border-color: #050df7; text-align: center; vertical-align: middle;\" scope=\"row\"><strong><span style=\"font-size: 8pt;\"><a href=\"https:\/\/www.guarara.mg.gov.br\/wp\/wp-content\/uploads\/2024\/03\/Ata-Proposta.pdf\">Ata Proposta<\/a><\/span><\/strong><\/td>\n<td style=\"width: 16.6455%; border-style: solid; border-color: #050df7; text-align: center; vertical-align: middle;\" scope=\"row\"><strong><span style=\"font-size: 8pt;\"><a href=\"https:\/\/www.guarara.mg.gov.br\/wp\/wp-content\/uploads\/2024\/03\/Ratificacao-3.pdf\">Ratificacao<\/a><\/span><\/strong><\/td>\n<td style=\"width: 16.6455%; border-style: solid; border-color: #050df7; text-align: center; vertical-align: middle;\" scope=\"row\"><strong><span style=\"font-size: 8pt;\"><a href=\"https:\/\/www.guarara.mg.gov.br\/wp\/wp-content\/uploads\/2024\/03\/Contrato.pdf\">Contrato<\/a><\/span><\/strong><\/td>\n<td style=\"width: 16.6455%; border-style: solid; border-color: #050df7; text-align: center; vertical-align: middle;\" scope=\"row\"><strong><span style=\"font-size: 8pt;\"><a href=\"https:\/\/www.guarara.mg.gov.br\/wp\/wp-content\/uploads\/2024\/03\/17-Publicacao-Extrato-DOE-1.pdf\">DOE<\/a><\/span><\/strong><br \/>\n<strong><span style=\"font-size: 8pt;\"><a href=\"https:\/\/www.guarara.mg.gov.br\/wp\/wp-content\/uploads\/2024\/03\/17-Publicacao-Extrato-DOU-1.pdf\">DOU<\/a><\/span><\/strong><\/td>\n<\/tr>\n<\/tbody>\n<\/table>\n<\/td>\n<\/tr>\n<tr style=\"height: 46px;\">\n<td style=\"width: 99.8758%; border-color: #000000; height: 46px;\"><strong>Processo n\u00ba 13\/2024\u00a0 \u00a0 \u00a0 \u00a0 \u00a0 P.P n\u00ba 6\/2024\u00a0 \u00a0 \u00a0 \u00a0 \u00a0 Sistema de Registro de Pre\u00e7o\u00a0 \u00a0 \u00a0 \u00a0 \u00a0<span style=\"color: #ff0000;\">FINALIZADO<\/span><br \/>\nObjeto: <\/strong>Aquisi\u00e7\u00e3o de material de limpeza e descart\u00e1veis para atender as secretarias do munic\u00edpio.<strong><br \/>\nData Abertura: <\/strong>27\/05\/2024.\u00a0 \u00a0<strong> \u00a0 \u00a0 \u00a0 \u00a0 \u00a0 \u00a0 \u00a0 \u00a0 \u00a0 \u00a0 Hora: <\/strong>09h30min.<\/p>\n<table style=\"width: 100%; border-collapse: collapse; line-height: 1; border-style: solid; border-color: #0534f2; height: 163px;\">\n<tbody>\n<tr style=\"height: 33px;\">\n<th style=\"width: 6.11879%; text-align: center; vertical-align: middle; border-style: solid; border-color: #0a24f0; height: 33px;\" scope=\"row\"><span style=\"font-size: 10pt;\"><strong>Edital<\/strong><\/span><\/th>\n<th style=\"width: 18.7697%; text-align: center; vertical-align: middle; border-style: solid; border-color: #0a24f0; height: 33px;\" scope=\"row\"><span style=\"font-size: 10pt;\"><strong>Publica\u00e7\u00e3o Edital<\/strong><\/span><\/th>\n<th style=\"width: 14.0616%; text-align: center; vertical-align: middle; border-style: solid; border-color: #0a24f0; height: 33px;\" scope=\"row\"><span style=\"font-size: 10pt;\"><strong>Ata Certame<\/strong><\/span><\/th>\n<th style=\"width: 3.1772%; text-align: center; vertical-align: middle; border-style: solid; border-color: #0a24f0; height: 33px;\" scope=\"row\"><span style=\"font-size: 10pt;\"><strong>Homologa\u00e7\u00e3o<\/strong><\/span><\/th>\n<th style=\"width: 17.585%; text-align: center; vertical-align: middle; border-style: solid; border-color: #0a24f0; height: 33px;\" scope=\"row\"><span style=\"font-size: 10pt;\"><strong>Ata\u00a0<\/strong><\/span><\/th>\n<th style=\"width: 13.3288%; text-align: center; vertical-align: middle; border-style: solid; border-color: #0a24f0; height: 33px;\" scope=\"row\"><span style=\"font-size: 10pt;\"><strong>Publica\u00e7\u00e3o <\/strong><strong>Ata<\/strong><\/span><\/th>\n<\/tr>\n<tr style=\"height: 97px;\">\n<td style=\"width: 6.11879%; border-style: solid; border-color: #1307f5; text-align: center; vertical-align: middle; height: 97px;\" scope=\"row\"><strong><span style=\"font-size: 8pt;\"><a href=\"https:\/\/www.guarara.mg.gov.br\/wp\/wp-content\/uploads\/2024\/03\/EditalCompleto-Limpeza-Descartaveis.docx\">Edital<\/a><\/span><\/strong><br \/>\n<a href=\"https:\/\/www.guarara.mg.gov.br\/wp\/wp-content\/uploads\/2024\/03\/Proposta-Digital-2.xlsx\"><strong><span style=\"font-size: 8pt;\">Proposta Digital<\/span><\/strong><\/a><\/td>\n<td style=\"width: 18.7697%; border-style: solid; border-color: #1307f5; text-align: center; vertical-align: middle; height: 97px;\" scope=\"row\"><strong><span style=\"font-size: 8pt;\">09\/05\/2024<\/span><\/strong><\/td>\n<td style=\"width: 14.0616%; border-style: solid; border-color: #1307f5; text-align: center; vertical-align: middle; height: 97px;\" scope=\"row\"><strong><span style=\"font-size: 8pt;\"><a href=\"https:\/\/www.guarara.mg.gov.br\/wp\/wp-content\/uploads\/2024\/03\/Ata-Certame-1.pdf\">Ata Certame<\/a><\/span><\/strong><br \/>\n<strong><span style=\"font-size: 8pt;\"><a href=\"https:\/\/www.guarara.mg.gov.br\/wp\/wp-content\/uploads\/2024\/03\/Ata-Decisao.pdf\">Ata Decis\u00e3o<\/a><\/span><\/strong><\/td>\n<td style=\"width: 3.1772%; border-style: solid; border-color: #1307f5; text-align: center; vertical-align: middle; height: 97px;\" scope=\"row\"><strong><span style=\"font-size: 8pt;\"><a href=\"https:\/\/www.guarara.mg.gov.br\/wp\/wp-content\/uploads\/2024\/03\/Homologacao-2.pdf\">Homologa\u00e7\u00e3o<\/a><\/span><\/strong><\/td>\n<td style=\"width: 17.585%; border-style: solid; border-color: #1307f5; text-align: center; vertical-align: middle; height: 97px;\" scope=\"row\"><strong><span style=\"font-size: 8pt;\"><a href=\"https:\/\/www.guarara.mg.gov.br\/wp\/wp-content\/uploads\/2024\/03\/Ata-de-Registro-Comercial.pdf\">Ata de Registro Comercial<\/a><\/span><\/strong><br \/>\n<strong><span style=\"font-size: 8pt;\"><a href=\"https:\/\/www.guarara.mg.gov.br\/wp\/wp-content\/uploads\/2024\/03\/Ata-de-Registro-Neuza.pdf\">Ata de Registro Neuza<\/a><\/span><\/strong><br \/>\n<strong><span style=\"font-size: 8pt;\"><a href=\"https:\/\/www.guarara.mg.gov.br\/wp\/wp-content\/uploads\/2024\/03\/Ata-de-Registro-Lobo.pdf\">Ata de Registro Lobo<\/a><\/span><\/strong><br \/>\n<strong><span style=\"font-size: 8pt;\"><a href=\"https:\/\/www.guarara.mg.gov.br\/wp\/wp-content\/uploads\/2024\/03\/Ata-de-Registro-Comercial-II.pdf\">Ata de Registro Comercial II<\/a><\/span><\/strong><\/td>\n<td style=\"width: 13.3288%; border-style: solid; border-color: #1307f5; text-align: center; vertical-align: middle; height: 97px;\" scope=\"row\"><strong><span style=\"font-size: 8pt;\"><a href=\"https:\/\/www.guarara.mg.gov.br\/wp\/wp-content\/uploads\/2024\/03\/AMM.pdf\">AMM<\/a>\u00a0 \u00a0 <a href=\"https:\/\/www.guarara.mg.gov.br\/wp\/wp-content\/uploads\/2024\/03\/AMM-4.pdf\">AMM<\/a><\/span><\/strong><br \/>\n<strong><span style=\"font-size: 8pt;\"><a href=\"https:\/\/www.guarara.mg.gov.br\/wp\/wp-content\/uploads\/2024\/03\/DOE-3.pdf\">DOE<\/a>\u00a0 \u00a0\u00a0<a href=\"https:\/\/www.guarara.mg.gov.br\/wp\/wp-content\/uploads\/2024\/03\/DOE-7.pdf\">DOE<\/a><\/span><\/strong><br \/>\n<strong><span style=\"font-size: 8pt;\"><a href=\"https:\/\/www.guarara.mg.gov.br\/wp\/wp-content\/uploads\/2024\/03\/DOU-2.pdf\">DOU<\/a>\u00a0 \u00a0 <a href=\"https:\/\/www.guarara.mg.gov.br\/wp\/wp-content\/uploads\/2024\/03\/DOU-6.pdf\">DOU<\/a><\/span><\/strong><\/td>\n<\/tr>\n<tr style=\"height: 33px;\">\n<td style=\"width: 24.8885%; border-style: solid; border-color: #1307f5; vertical-align: middle; height: 33px; text-align: left;\" colspan=\"2\"><span style=\"font-size: 12pt;\"><strong>Recurso:\u00a0 \u00a0\u00a0 \u00a0\u00a0 \u00a0\u00a0 <span style=\"color: #ff0000;\"><a style=\"color: #ff0000;\" href=\"https:\/\/www.guarara.mg.gov.br\/wp\/wp-content\/uploads\/2024\/03\/Lobo_RECURSO-MATERAL-LIMPEZA.pdf\"><span style=\"text-decoration: underline;\"><span style=\"font-size: 8pt;\">Arquivo Recurso<\/span><\/span><\/a><\/span><\/strong><\/span><strong><span style=\"font-size: 8pt;\"><br \/>\n<\/span><\/strong><\/td>\n<td style=\"width: 17.2388%; border-style: solid; border-color: #1307f5; vertical-align: middle; height: 33px; text-align: left;\" colspan=\"2\"><span style=\"font-size: 12pt;\"><strong>Contra Raz\u00e3o: <span style=\"color: #ff0000;\"><span style=\"font-size: 8pt;\"><a style=\"color: #ff0000;\" href=\"https:\/\/www.guarara.mg.gov.br\/wp\/wp-content\/uploads\/2024\/03\/MONTEVERDE-CONTRA-RECURSO.pdf\"><span style=\"text-decoration: underline;\">Contra Raz\u00e3o<\/span><\/a><\/span><\/span><\/strong><\/span><strong><span style=\"font-size: 8pt;\"><br \/>\n<\/span><\/strong><\/td>\n<td style=\"width: 30.9138%; border-style: solid; border-color: #1307f5; vertical-align: middle; height: 33px; text-align: left;\" colspan=\"2\"><span style=\"font-size: 12pt;\"><strong>Decis\u00e3o:\u00a0 \u00a0\u00a0 \u00a0\u00a0 \u00a0\u00a0 \u00a0\u00a0 \u00a0\u00a0 <span style=\"text-decoration: underline;\"><span style=\"font-size: 8pt; color: #ff0000;\"><a style=\"color: #ff0000; text-decoration: underline;\" href=\"https:\/\/www.guarara.mg.gov.br\/wp\/wp-content\/uploads\/2024\/03\/Decisao-rercurso_20240617_000189.pdf\">Arquivo Decis\u00e3o<\/a><\/span><\/span><\/strong><\/span><strong><span style=\"font-size: 8pt;\"><br \/>\n<\/span><\/strong><\/td>\n<\/tr>\n<\/tbody>\n<\/table>\n<p><span style=\"font-size: 10pt;\"><strong><span style=\"color: #ff0000;\">Importante: N\u00e3o esquecer de realizar o download da Proposta Digital e trazer no dia do certame.<\/span><\/strong><\/span><\/td>\n<\/tr>\n<tr style=\"height: 46px;\">\n<td style=\"width: 99.8758%; border-color: #000000; height: 46px;\"><strong>Processo n\u00ba 14\/2024\u00a0 \u00a0 \u00a0 \u00a0 \u00a0 P.P n\u00ba 7\/2024\u00a0 \u00a0 \u00a0 \u00a0 \u00a0 Sistema de Registro de Pre\u00e7o\u00a0 \u00a0 \u00a0 \u00a0 \u00a0 <span style=\"color: #ff0000;\">FINALIZADO<\/span><br \/>\nObjeto: <\/strong>Contrata\u00e7\u00e3o de empresa para o fornecimento de material escolar para educa\u00e7\u00e3o.<strong><br \/>\nData Abertura: <\/strong>29\/05\/2024.\u00a0 <strong>\u00a0 \u00a0 \u00a0 \u00a0 \u00a0 \u00a0 \u00a0 \u00a0 \u00a0 \u00a0 \u00a0 Hora: <\/strong>09h30min.<\/p>\n<table style=\"width: 100%; border-collapse: collapse; line-height: 1; border-style: solid; border-color: #070ff2;\">\n<tbody>\n<tr>\n<th style=\"width: 2.8356%; text-align: center; vertical-align: middle; border-style: solid; border-color: #0a24f0;\" scope=\"row\"><span style=\"font-size: 10pt;\"><strong>Edital<\/strong><\/span><\/th>\n<th style=\"width: 18.551%; text-align: center; vertical-align: middle; border-style: solid; border-color: #0a24f0;\" scope=\"row\"><span style=\"font-size: 10pt;\"><strong>Publica\u00e7\u00e3o Edital<\/strong><\/span><\/th>\n<th style=\"width: 14.1913%; text-align: center; vertical-align: middle; border-style: solid; border-color: #0a24f0;\" scope=\"row\"><span style=\"font-size: 10pt;\"><strong>Ata Certame<\/strong><\/span><\/th>\n<th style=\"width: 7.32766%; text-align: center; vertical-align: middle; border-style: solid; border-color: #0a24f0;\" scope=\"row\"><span style=\"font-size: 10pt;\"><strong>Homologa\u00e7\u00e3o<\/strong><\/span><\/th>\n<th style=\"width: 15.6395%; text-align: center; vertical-align: middle; border-style: solid; border-color: #0a24f0;\" scope=\"row\"><span style=\"font-size: 10pt;\"><strong>Ata\u00a0<\/strong><\/span><\/th>\n<th style=\"width: 14.4961%; text-align: center; vertical-align: middle; border-style: solid; border-color: #0a24f0;\" scope=\"row\"><span style=\"font-size: 10pt;\"><strong>Publica\u00e7\u00e3o <\/strong><strong>Ata<\/strong><\/span><\/th>\n<\/tr>\n<tr>\n<td style=\"width: 2.8356%; border-style: solid; border-color: #0717f5; text-align: center; vertical-align: middle;\" scope=\"row\"><strong><span style=\"font-size: 8pt;\"><a href=\"https:\/\/www.guarara.mg.gov.br\/wp\/wp-content\/uploads\/2024\/03\/EditalCompleto-Mat.-Escolar.docx\">Edital<\/a><\/span><\/strong><br \/>\n<strong><span style=\"font-size: 8pt;\"><a href=\"https:\/\/www.guarara.mg.gov.br\/wp\/wp-content\/uploads\/2024\/03\/Proposta-Digital-3.xlsx\">Proposta Digital<\/a><\/span><\/strong><\/td>\n<td style=\"width: 18.551%; border-style: solid; border-color: #0717f5; text-align: center; vertical-align: middle;\" scope=\"row\"><strong><span style=\"font-size: 8pt;\">09\/05\/2024<\/span><\/strong><\/td>\n<td style=\"width: 14.1913%; border-style: solid; border-color: #0717f5; text-align: center; vertical-align: middle;\" scope=\"row\"><strong><span style=\"font-size: 8pt;\"><a href=\"https:\/\/www.guarara.mg.gov.br\/wp\/wp-content\/uploads\/2024\/03\/Ata-Certame.pdf\">Ata Certame<\/a><\/span><\/strong><\/td>\n<td style=\"width: 7.32766%; border-style: solid; border-color: #0717f5; text-align: center; vertical-align: middle;\" scope=\"row\"><strong><span style=\"font-size: 8pt;\"><a href=\"https:\/\/www.guarara.mg.gov.br\/wp\/wp-content\/uploads\/2024\/03\/Homologacao-1.pdf\">Homologa\u00e7\u00e3o<\/a><\/span><\/strong><\/td>\n<td style=\"width: 15.6395%; border-style: solid; border-color: #0717f5; text-align: center; vertical-align: middle;\" scope=\"row\"><strong><span style=\"font-size: 8pt;\"><a href=\"https:\/\/www.guarara.mg.gov.br\/wp\/wp-content\/uploads\/2024\/03\/Ata-de-Registro-Giropel.pdf\">Ata de Registro Giropel<\/a><\/span><\/strong><\/td>\n<td style=\"width: 14.4961%; border-style: solid; border-color: #0717f5; text-align: center; vertical-align: middle;\" scope=\"row\"><strong><span style=\"font-size: 8pt;\"><a href=\"https:\/\/www.guarara.mg.gov.br\/wp\/wp-content\/uploads\/2024\/03\/AMM-1.pdf\">AMM<\/a><\/span><\/strong><br \/>\n<strong><span style=\"font-size: 8pt;\"><a href=\"https:\/\/www.guarara.mg.gov.br\/wp\/wp-content\/uploads\/2024\/03\/DOE-4.pdf\">DOE<\/a><\/span><\/strong><br \/>\n<strong><span style=\"font-size: 8pt;\"><a href=\"https:\/\/www.guarara.mg.gov.br\/wp\/wp-content\/uploads\/2024\/03\/DOU-3.pdf\">DOU<\/a><\/span><\/strong><\/td>\n<\/tr>\n<\/tbody>\n<\/table>\n<p><span style=\"font-size: 10pt;\"><strong><span style=\"color: #ff0000;\">Importante: N\u00e3o esquecer de realizar o download da Proposta Digital e trazer no dia do certame.<\/span><\/strong><\/span><\/td>\n<\/tr>\n<tr style=\"height: 259px;\">\n<td style=\"width: 99.8758%; border-color: #000000; height: 259px;\"><strong>Processo n\u00ba 15\/2024\u00a0 \u00a0 \u00a0 \u00a0 \u00a0 P.P n\u00ba 8\/2024\u00a0 \u00a0 \u00a0 \u00a0 \u00a0 Sistema de Registro de Pre\u00e7o\u00a0 \u00a0 \u00a0 \u00a0 \u00a0 \u00a0<span style=\"color: #ff0000;\">FINALIZADO<\/span><br \/>\nObjeto: <\/strong>Contrata\u00e7\u00e3o de empresa para fornecimento de \u201cmaterial de escrit\u00f3rio\u201d destinado a manuten\u00e7\u00e3o das Secretarias do munic\u00edpio.<strong><br \/>\nData Abertura: <\/strong>10\/06\/2024.\u00a0 \u00a0 \u00a0 \u00a0 \u00a0 \u00a0 <strong>\u00a0 \u00a0 \u00a0 \u00a0 \u00a0 \u00a0 Hora: <\/strong>09h30min.<\/p>\n<table style=\"width: 100%; border-collapse: collapse; line-height: 1; border-style: solid; border-color: #0521f2;\">\n<tbody>\n<tr>\n<th style=\"width: 5.94844%; text-align: center; vertical-align: middle; border-style: solid; border-color: #0a24f0;\" scope=\"row\"><span style=\"font-size: 10pt;\"><strong>Edital<\/strong><\/span><\/th>\n<th style=\"width: 18.9401%; text-align: center; vertical-align: middle; border-style: solid; border-color: #0a24f0;\" scope=\"row\"><span style=\"font-size: 10pt;\"><strong>Publica\u00e7\u00e3o Edital<\/strong><\/span><\/th>\n<th style=\"width: 14.0617%; text-align: center; vertical-align: middle; border-style: solid; border-color: #0a24f0;\" scope=\"row\"><span style=\"font-size: 10pt;\"><strong>Ata Certame<\/strong><\/span><\/th>\n<th style=\"width: 6.03063%; text-align: center; vertical-align: middle; border-style: solid; border-color: #0a24f0;\" scope=\"row\"><span style=\"font-size: 10pt;\"><strong>Homologa\u00e7\u00e3o<\/strong><\/span><\/th>\n<th style=\"width: 12.6564%; text-align: center; vertical-align: middle; border-style: solid; border-color: #0a24f0;\" scope=\"row\"><span style=\"font-size: 10pt;\"><strong>Ata\u00a0<\/strong><\/span><\/th>\n<th style=\"width: 15.404%; text-align: center; vertical-align: middle; border-style: solid; border-color: #0a24f0;\" scope=\"row\"><span style=\"font-size: 10pt;\"><strong>Publica\u00e7\u00e3o <\/strong><strong>Ata<\/strong><\/span><\/th>\n<\/tr>\n<tr>\n<td style=\"width: 5.94844%; border-style: solid; border-color: #0519f5; text-align: center; vertical-align: middle;\" scope=\"row\"><strong><span style=\"font-size: 8pt;\"><a href=\"https:\/\/www.guarara.mg.gov.br\/wp\/wp-content\/uploads\/2024\/03\/07-EditalCompleto-Mat.-Escritorio.docx\">Edital<\/a><\/span><\/strong><br \/>\n<a href=\"https:\/\/www.guarara.mg.gov.br\/wp\/wp-content\/uploads\/2024\/03\/Proposta-Digital-4.xlsx\"><strong><span style=\"font-size: 8pt;\">Proposta Digital<\/span><\/strong><\/a><\/td>\n<td style=\"width: 18.9401%; border-style: solid; border-color: #0519f5; text-align: center; vertical-align: middle;\" scope=\"row\"><strong><span style=\"font-size: 8pt;\">22\/05\/2024<\/span><\/strong><\/td>\n<td style=\"width: 14.0617%; border-style: solid; border-color: #0519f5; text-align: center; vertical-align: middle;\" scope=\"row\"><strong><span style=\"font-size: 8pt;\"><a href=\"https:\/\/www.guarara.mg.gov.br\/wp\/wp-content\/uploads\/2024\/03\/Ata-Certame-2.pdf\">Ata Certame<\/a><\/span><\/strong><\/td>\n<td style=\"width: 6.03063%; border-style: solid; border-color: #0519f5; text-align: center; vertical-align: middle;\" scope=\"row\"><strong><span style=\"font-size: 8pt;\"><a href=\"https:\/\/www.guarara.mg.gov.br\/wp\/wp-content\/uploads\/2024\/03\/Homologacao-3.pdf\">Homologa\u00e7\u00e3o<\/a><\/span><\/strong><\/td>\n<td style=\"width: 12.6564%; border-style: solid; border-color: #0519f5; text-align: center; vertical-align: middle;\" scope=\"row\"><span style=\"font-size: 8pt;\"><strong><a href=\"https:\/\/www.guarara.mg.gov.br\/wp\/wp-content\/uploads\/2024\/03\/Ata-de-Registro-Giropel-1.pdf\">Ata de Registro Giropel<\/a><\/strong><\/span><\/td>\n<td style=\"width: 15.404%; border-style: solid; border-color: #0519f5; text-align: center; vertical-align: middle;\" scope=\"row\"><strong><span style=\"font-size: 8pt;\"><a href=\"https:\/\/www.guarara.mg.gov.br\/wp\/wp-content\/uploads\/2024\/03\/AMM-5.pdf\">AMM<\/a>\u00a0 <\/span><\/strong><br \/>\n<strong><span style=\"font-size: 8pt;\"><a href=\"https:\/\/www.guarara.mg.gov.br\/wp\/wp-content\/uploads\/2024\/03\/DOE-8.pdf\">DOE<\/a>\u00a0 <\/span><\/strong><br \/>\n<strong><span style=\"font-size: 8pt;\"> <a href=\"https:\/\/www.guarara.mg.gov.br\/wp\/wp-content\/uploads\/2024\/03\/DOU-7.pdf\">DOU<\/a><\/span><\/strong><\/td>\n<\/tr>\n<\/tbody>\n<\/table>\n<p><span style=\"font-size: 10pt;\"><strong><span style=\"color: #ff0000;\">Importante: N\u00e3o esquecer de realizar o download da Proposta Digital e trazer no dia do certame.<\/span><\/strong><\/span><\/td>\n<\/tr>\n<tr style=\"height: 272px;\">\n<td style=\"width: 99.8758%; border-color: #000000; height: 272px;\"><strong>Processo n\u00ba 16\/2024\u00a0 \u00a0 \u00a0 \u00a0 \u00a0 Inexigibilidade n\u00ba 6\/2024\u00a0 \u00a0 \u00a0 \u00a0 \u00a0 \u00a0 \u00a0 \u00a0 \u00a0 \u00a0 \u00a0 \u00a0 \u00a0 \u00a0 \u00a0 \u00a0 \u00a0 \u00a0 \u00a0 \u00a0 \u00a0 \u00a0 \u00a0 \u00a0 \u00a0 \u00a0 \u00a0 <span style=\"color: #ff0000;\">FINALIZADO<\/span><br \/>\nObjeto: <\/strong>Uso do software on-line que permite operar e gerenciar as publica\u00e7\u00f5es de seus atos em meio eletr\u00f4nico intitulado di\u00e1rio oficial dos munic\u00edpios mineiros.<strong><br \/>\nData: \u00a0<\/strong>22\/05\/2024.<\/p>\n<table style=\"height: 92px; width: 100%; border-collapse: collapse; line-height: 1; border-style: solid; border-color: #0531f7;\">\n<tbody>\n<tr style=\"height: 46px;\">\n<th style=\"width: 14.2857%; text-align: center; height: 46px; border-style: solid; border-color: #0d05f2; vertical-align: middle;\" scope=\"row\"><span style=\"font-size: 10pt;\"><strong>Ratifica\u00e7\u00e3o<\/strong><\/span><\/th>\n<th style=\"width: 14.2857%; text-align: center; height: 46px; border-style: solid; border-color: #0d05f2; vertical-align: middle;\" scope=\"row\"><strong><span style=\"font-size: 10pt;\">Contrato<\/span><\/strong><\/th>\n<th style=\"width: 14.2857%; text-align: center; height: 46px; border-style: solid; border-color: #0d05f2; vertical-align: middle;\" scope=\"row\"><strong><span style=\"font-size: 10pt;\">Publica\u00e7\u00e3o Contrato<\/span><\/strong><\/th>\n<\/tr>\n<tr style=\"height: 46px;\">\n<td style=\"width: 14.2857%; height: 46px; border-style: solid; border-color: #0546f7; text-align: center; vertical-align: middle;\" scope=\"row\"><strong><span style=\"font-size: 8pt;\"><a href=\"https:\/\/www.guarara.mg.gov.br\/wp\/wp-content\/uploads\/2024\/03\/Ratificacao-.pdf\">Ratifica\u00e7\u00e3o<\/a><\/span><\/strong><\/td>\n<td style=\"width: 14.2857%; height: 46px; border-style: solid; border-color: #0546f7; text-align: center; vertical-align: middle;\" scope=\"row\"><strong><span style=\"font-size: 8pt;\"><a href=\"https:\/\/www.guarara.mg.gov.br\/wp\/wp-content\/uploads\/2024\/03\/Contrato-.pdf\">Contrato<\/a><\/span><\/strong><\/td>\n<td style=\"width: 14.2857%; height: 46px; border-style: solid; border-color: #0546f7; text-align: center; vertical-align: middle;\" scope=\"row\"><strong><span style=\"font-size: 8pt;\"><a href=\"https:\/\/www.guarara.mg.gov.br\/wp\/wp-content\/uploads\/2024\/03\/AMM-2.pdf\">AMM<\/a><\/span><\/strong><br \/>\n<strong><span style=\"font-size: 8pt;\"><a href=\"https:\/\/www.guarara.mg.gov.br\/wp\/wp-content\/uploads\/2024\/03\/DOE-5.pdf\">DOE<\/a><\/span><\/strong><br \/>\n<strong><span style=\"font-size: 8pt;\"><a href=\"https:\/\/www.guarara.mg.gov.br\/wp\/wp-content\/uploads\/2024\/03\/DOU-4.pdf\">DOU<\/a><\/span><\/strong><\/td>\n<\/tr>\n<\/tbody>\n<\/table>\n<\/td>\n<\/tr>\n<tr style=\"height: 214px;\">\n<td style=\"width: 99.8758%; border-color: #000000; height: 214px;\"><strong>Processo n\u00ba 17\/2024\u00a0 \u00a0 \u00a0 \u00a0 \u00a0Dispensa n\u00ba 3\/2024\u00a0 \u00a0 \u00a0 \u00a0 \u00a0 \u00a0 \u00a0 \u00a0 \u00a0 \u00a0 \u00a0 \u00a0 \u00a0 \u00a0 \u00a0 \u00a0 \u00a0 \u00a0 \u00a0 \u00a0 \u00a0 \u00a0 \u00a0 \u00a0 \u00a0 \u00a0 \u00a0 \u00a0 \u00a0 \u00a0 \u00a0 \u00a0 <span style=\"color: #ff0000;\">FINALIZADO<\/span><br \/>\nObjeto: <\/strong>Contrata\u00e7\u00e3o de empresa para o fornecimento uniforme para os alunos da rede municipal de ensino.<strong><br \/>\nData: \u00a0<\/strong>07\/06\/2024.<\/p>\n<table style=\"width: 100%; border-collapse: collapse; line-height: 1; border-style: solid; border-color: #021ff7;\">\n<tbody>\n<tr>\n<th style=\"width: 16.6455%; border-style: solid; border-color: #0e0af5; text-align: center; vertical-align: top;\" scope=\"row\"><span style=\"font-size: 10pt;\" data-wahfont=\"13\"><strong>T. R.<\/strong><\/span><\/th>\n<th style=\"width: 16.6455%; border-style: solid; border-color: #0e0af5; text-align: center; vertical-align: top;\" scope=\"row\"><span style=\"font-size: 10pt;\" data-wahfont=\"13\"><strong>Aviso<\/strong><\/span><\/th>\n<th style=\"width: 16.6455%; border-style: solid; border-color: #0e0af5; text-align: center; vertical-align: top;\" scope=\"row\"><span style=\"font-size: 10pt;\" data-wahfont=\"13\"><strong>Ata Certane<\/strong><\/span><\/th>\n<th style=\"width: 16.6455%; border-style: solid; border-color: #0e0af5; text-align: center; vertical-align: top;\" scope=\"row\"><span style=\"font-size: 10pt;\" data-wahfont=\"13\"><strong>Ratifica\u00e7\u00e3o<\/strong><\/span><\/th>\n<th style=\"width: 16.6455%; border-style: solid; border-color: #0e0af5; text-align: center; vertical-align: top;\" scope=\"row\"><span style=\"font-size: 10pt;\" data-wahfont=\"13\"><strong>Contrato<\/strong><\/span><\/th>\n<th style=\"width: 16.6455%; border-style: solid; border-color: #0e0af5; text-align: center; vertical-align: top;\" scope=\"row\"><span style=\"font-size: 10pt;\" data-wahfont=\"13\"><strong>Publica\u00e7\u00e3o Contrato<\/strong><\/span><\/th>\n<\/tr>\n<tr>\n<td style=\"width: 16.6455%; border-style: solid; border-color: #0515f7; text-align: center; vertical-align: middle;\" scope=\"row\"><strong><span style=\"font-size: 8pt;\"><a href=\"https:\/\/www.guarara.mg.gov.br\/wp\/wp-content\/uploads\/2024\/03\/Termo-de-Referencia-1.pdf\">Termo de Referencia<\/a><\/span><\/strong><\/td>\n<td style=\"width: 16.6455%; border-style: solid; border-color: #0515f7; text-align: center; vertical-align: middle;\" scope=\"row\"><a href=\"https:\/\/www.guarara.mg.gov.br\/wp\/wp-content\/uploads\/2024\/03\/Aviso-de-Recebimento-de-Proposta.pdf\"><strong><span style=\"font-size: 8pt;\">\u00a0Recebimento de Proposta<\/span><\/strong><\/a><\/td>\n<td style=\"width: 16.6455%; border-style: solid; border-color: #0515f7; text-align: center; vertical-align: middle;\" scope=\"row\"><strong><span style=\"font-size: 8pt;\"><a href=\"https:\/\/www.guarara.mg.gov.br\/wp\/wp-content\/uploads\/2024\/03\/Ata-Proposta-1.pdf\">Ata Proposta<\/a><\/span><\/strong><\/td>\n<td style=\"width: 16.6455%; border-style: solid; border-color: #0515f7; text-align: center; vertical-align: middle;\" scope=\"row\"><strong><span style=\"font-size: 8pt;\"><a href=\"https:\/\/www.guarara.mg.gov.br\/wp\/wp-content\/uploads\/2024\/03\/Ratificacao-4.pdf\">Ratificacao<\/a><\/span><\/strong><\/td>\n<td style=\"width: 16.6455%; border-style: solid; border-color: #0515f7; text-align: center; vertical-align: middle;\" scope=\"row\"><strong><span style=\"font-size: 8pt;\"><a href=\"https:\/\/www.guarara.mg.gov.br\/wp\/wp-content\/uploads\/2024\/03\/Contrato-1.pdf\">Contrato<\/a><\/span><\/strong><\/td>\n<td style=\"width: 16.6455%; border-style: solid; border-color: #0515f7; text-align: center; vertical-align: middle;\" scope=\"row\"><a href=\"https:\/\/www.guarara.mg.gov.br\/wp\/wp-content\/uploads\/2024\/03\/AMM-6.pdf\"><strong><span style=\"font-size: 8pt;\">AMM<\/span><\/strong><\/a><br \/>\n<strong><span style=\"font-size: 8pt;\"><a href=\"https:\/\/www.guarara.mg.gov.br\/wp\/wp-content\/uploads\/2024\/03\/DOE-9.pdf\">DOE<\/a><\/span><\/strong><br \/>\n<strong><span style=\"font-size: 8pt;\"><a href=\"https:\/\/www.guarara.mg.gov.br\/wp\/wp-content\/uploads\/2024\/03\/DOU-8.pdf\">DOU<\/a><\/span><\/strong><\/td>\n<\/tr>\n<\/tbody>\n<\/table>\n<\/td>\n<\/tr>\n<tr style=\"height: 245px;\">\n<td style=\"width: 99.8758%; border-color: #000000; height: 146px;\"><strong>Processo n\u00ba 18\/2024\u00a0 \u00a0 \u00a0 Dispensa n\u00ba 4\/2024\u00a0 \u00a0 \u00a0 \u00a0 Sistema de Registro e Pre\u00e7o\u00a0 \u00a0 \u00a0 <span style=\"color: #ff0000;\">FINALIZADO<\/span><br \/>\nObjeto: <\/strong>Contrata\u00e7\u00e3o de interessados no fornecimento de \u00c1gua Mineral e G\u00e1s GLP.<strong><br \/>\nData: \u00a0<\/strong>07\/06\/2024.<\/p>\n<table style=\"width: 100%; border-collapse: collapse; line-height: 1; border-style: solid; border-color: #0d05fa; height: 82px;\">\n<tbody>\n<tr style=\"height: 33px;\">\n<th style=\"width: 16.6455%; border-style: solid; border-color: #0e0af5; text-align: center; vertical-align: top; height: 33px;\" scope=\"row\"><span style=\"font-size: 10pt;\" data-wahfont=\"13\"><strong>T. R.<\/strong><\/span><\/th>\n<th style=\"width: 16.6455%; border-style: solid; border-color: #0e0af5; text-align: center; vertical-align: top; height: 33px;\" scope=\"row\"><span style=\"font-size: 10pt;\" data-wahfont=\"13\"><strong>Aviso<\/strong><\/span><\/th>\n<th style=\"width: 16.6455%; border-style: solid; border-color: #0e0af5; text-align: center; vertical-align: top; height: 33px;\" scope=\"row\"><span style=\"font-size: 10pt;\" data-wahfont=\"13\"><strong>Ata Certane<\/strong><\/span><\/th>\n<th style=\"width: 16.6455%; border-style: solid; border-color: #0e0af5; text-align: center; vertical-align: top; height: 33px;\" scope=\"row\"><span style=\"font-size: 10pt;\" data-wahfont=\"13\"><strong>Ratifica\u00e7\u00e3o<\/strong><\/span><\/th>\n<th style=\"width: 16.6455%; border-style: solid; border-color: #0e0af5; text-align: center; vertical-align: top; height: 33px;\" scope=\"row\"><span style=\"font-size: 10pt;\" data-wahfont=\"13\"><strong>Ata<\/strong><\/span><\/th>\n<th style=\"width: 16.6455%; border-style: solid; border-color: #0e0af5; text-align: center; vertical-align: top; height: 33px;\" scope=\"row\"><span style=\"font-size: 10pt;\" data-wahfont=\"13\"><strong>Publica\u00e7\u00e3o Ata<\/strong><\/span><\/th>\n<\/tr>\n<tr style=\"height: 49px;\">\n<td style=\"width: 16.6455%; border-style: solid; border-color: #0743f7; text-align: center; vertical-align: middle; height: 49px;\" scope=\"row\"><a href=\"https:\/\/www.guarara.mg.gov.br\/wp\/wp-content\/uploads\/2024\/03\/Termo-de-Referencia-2.pdf\"><strong><span style=\"font-size: 8pt;\">Termo de Referencia<\/span><\/strong><\/a><\/td>\n<td style=\"width: 16.6455%; border-style: solid; border-color: #0743f7; text-align: center; vertical-align: middle; height: 49px;\" scope=\"row\"><a href=\"https:\/\/www.guarara.mg.gov.br\/wp\/wp-content\/uploads\/2024\/03\/Aviso-de-Recebimento-de-Proposta-1.pdf\"><strong><span style=\"font-size: 8pt;\">Recebimento de Proposta<\/span><\/strong><\/a><\/td>\n<td style=\"width: 16.6455%; border-style: solid; border-color: #0743f7; text-align: center; vertical-align: middle; height: 49px;\" scope=\"row\"><a href=\"https:\/\/www.guarara.mg.gov.br\/wp\/wp-content\/uploads\/2024\/03\/Ata-Proposta-2.pdf\"><strong><span style=\"font-size: 8pt;\">Ata Proposta<\/span><\/strong><\/a><\/td>\n<td style=\"width: 16.6455%; border-style: solid; border-color: #0743f7; text-align: center; vertical-align: middle; height: 49px;\" scope=\"row\"><strong><span style=\"font-size: 8pt;\"><a href=\"https:\/\/www.guarara.mg.gov.br\/wp\/wp-content\/uploads\/2024\/03\/Ratificacao-5.pdf\">Ratificacao<\/a><\/span><\/strong><\/td>\n<td style=\"width: 16.6455%; border-style: solid; border-color: #0743f7; text-align: center; vertical-align: middle; height: 49px;\" scope=\"row\"><a href=\"https:\/\/www.guarara.mg.gov.br\/wp\/wp-content\/uploads\/2024\/03\/Ata-de-Registro-Cleuza.pdf\"><strong><span style=\"font-size: 8pt;\">Ata de Registro Cleuza<\/span><\/strong><\/a><br \/>\n<strong><span style=\"font-size: 8pt;\"><a href=\"https:\/\/www.guarara.mg.gov.br\/wp\/wp-content\/uploads\/2024\/03\/Ata-de-Registro-Joaquim.pdf\">Ata de Registro Joaquim<\/a><\/span><\/strong><\/td>\n<td style=\"width: 16.6455%; border-style: solid; border-color: #0743f7; text-align: center; vertical-align: middle; height: 49px;\" scope=\"row\"><a href=\"https:\/\/www.guarara.mg.gov.br\/wp\/wp-content\/uploads\/2024\/03\/AMM-7.pdf\"><strong><span style=\"font-size: 8pt;\">AMM<\/span><\/strong><\/a><br \/>\n<strong><span style=\"font-size: 8pt;\"><a href=\"https:\/\/www.guarara.mg.gov.br\/wp\/wp-content\/uploads\/2024\/03\/DOE-10.pdf\">DOE<\/a><\/span><\/strong><br \/>\n<strong><span style=\"font-size: 8pt;\"><a href=\"https:\/\/www.guarara.mg.gov.br\/wp\/wp-content\/uploads\/2024\/03\/DOU-9.pdf\">DOU<\/a><\/span><\/strong><\/td>\n<\/tr>\n<\/tbody>\n<\/table>\n<\/td>\n<\/tr>\n<tr style=\"height: 46px;\">\n<td style=\"width: 99.8758%; border-color: #000000; height: 46px;\"><strong>Processo n\u00ba 19\/2024\u00a0 \u00a0 \u00a0 \u00a0 \u00a0 Inexigibilidade n\u00ba 7\/2024\u00a0 \u00a0 \u00a0 \u00a0 \u00a0 \u00a0 \u00a0 \u00a0 \u00a0 \u00a0 \u00a0 \u00a0 \u00a0 \u00a0 \u00a0 \u00a0 \u00a0 \u00a0 \u00a0 \u00a0 \u00a0 \u00a0 \u00a0 \u00a0 \u00a0 \u00a0 \u00a0 \u00a0<span style=\"color: #ff0000;\">FINALIZADO<\/span><br \/>\nObjeto:<\/strong>Contrata\u00e7\u00e3o por inexigibilidade de show de renome regional Caravana do Tradicional encontro Regional de Violeiros com Vandeir e Convidados apresentando \u201cShow sertanejo raiz Larissa viola &amp; Orquestra de Violeiros Arpejo\u201d para apresenta\u00e7\u00e3o de show musical na 6\u00aa Festa do Pe\u00e3o de Guarar\u00e1 2024.<strong><br \/>\nData: \u00a0<\/strong>03\/06\/2024.<\/p>\n<table style=\"width: 100%; border-collapse: collapse; line-height: 1; border-style: solid; border-color: #0521f5;\">\n<tbody>\n<tr>\n<th style=\"width: 33.3333%; border-style: solid; border-color: #0723f7; text-align: center; vertical-align: middle;\" scope=\"row\"><strong><span style=\"font-size: 10pt;\">Ratifica\u00e7\u00e3o<\/span><\/strong><\/th>\n<th style=\"width: 33.3333%; border-style: solid; border-color: #0723f7; text-align: center; vertical-align: middle;\" scope=\"row\"><strong><span style=\"font-size: 10pt;\">Contrato<\/span><\/strong><\/th>\n<th style=\"width: 33.3333%; border-style: solid; border-color: #0723f7; text-align: center; vertical-align: middle;\" scope=\"row\"><strong><span style=\"font-size: 10pt;\">Publica\u00e7\u00e3o Contrato<\/span><\/strong><\/th>\n<\/tr>\n<tr>\n<td style=\"width: 33.3333%; border-style: solid; border-color: #0535f7; text-align: center; vertical-align: middle;\" scope=\"row\"><strong><span style=\"font-size: 8pt;\"><a href=\"https:\/\/www.guarara.mg.gov.br\/wp\/wp-content\/uploads\/2024\/03\/Ratificacao-6.pdf\">Ratificacao<\/a><\/span><\/strong><\/td>\n<td style=\"width: 33.3333%; border-style: solid; border-color: #0535f7; text-align: center; vertical-align: middle;\" scope=\"row\"><strong><span style=\"font-size: 8pt;\"><a href=\"https:\/\/www.guarara.mg.gov.br\/wp\/wp-content\/uploads\/2024\/03\/Contrato-3.pdf\">Contrato<\/a><\/span><\/strong><\/td>\n<td style=\"width: 33.3333%; border-style: solid; border-color: #0535f7; text-align: center; vertical-align: middle;\" scope=\"row\"><strong><span style=\"font-size: 8pt;\"><a href=\"https:\/\/www.guarara.mg.gov.br\/wp\/wp-content\/uploads\/2024\/03\/AMM-3.pdf\">AMM<\/a><\/span><\/strong><br \/>\n<strong><span style=\"font-size: 8pt;\"><a href=\"https:\/\/www.guarara.mg.gov.br\/wp\/wp-content\/uploads\/2024\/03\/DOE-6.pdf\">DOE<\/a><\/span><\/strong><br \/>\n<strong><span style=\"font-size: 8pt;\"><a href=\"https:\/\/www.guarara.mg.gov.br\/wp\/wp-content\/uploads\/2024\/03\/DOU-5.pdf\">DOU<\/a><\/span><\/strong><\/td>\n<\/tr>\n<\/tbody>\n<\/table>\n<\/td>\n<\/tr>\n<tr style=\"height: 243px;\">\n<td style=\"width: 99.8758%; border-color: #000000; height: 243px;\"><strong>Processo n\u00ba 20\/2024\u00a0 \u00a0 \u00a0 \u00a0 \u00a0Dispensa n\u00ba 5\/2024\u00a0 \u00a0 \u00a0 \u00a0 \u00a0 \u00a0 \u00a0 \u00a0 \u00a0 \u00a0 \u00a0 \u00a0 \u00a0 \u00a0 \u00a0 \u00a0 \u00a0 \u00a0 \u00a0 \u00a0 \u00a0 \u00a0 \u00a0 \u00a0 \u00a0 \u00a0 \u00a0 \u00a0 \u00a0 \u00a0 \u00a0 \u00a0 \u00a0 \u00a0<span style=\"color: #ff0000;\">FINALIZADO<\/span><br \/>\nObjeto: <\/strong>Cess\u00e3o de um software espec\u00edfico para o setor de licita\u00e7\u00f5es e contratos para auxilio na execu\u00e7\u00e3o dos processos dentro do regime da nova lei de licita\u00e7\u00f5es com suporte.<strong><br \/>\nData: \u00a0<\/strong>14\/06\/2024.<\/p>\n<table style=\"width: 100%; border-collapse: collapse; line-height: 1; border-style: solid; border-color: #0723f5;\">\n<tbody>\n<tr style=\"height: 33px;\">\n<th style=\"width: 16.6455%; border-style: solid; border-color: #0e0af5; text-align: center; vertical-align: top; height: 33px;\" scope=\"row\"><span style=\"font-size: 10pt;\" data-wahfont=\"13\"><strong>T. R.<\/strong><\/span><\/th>\n<th style=\"width: 16.6455%; border-style: solid; border-color: #0e0af5; text-align: center; vertical-align: top; height: 33px;\" scope=\"row\"><span style=\"font-size: 10pt;\" data-wahfont=\"13\"><strong>Aviso<\/strong><\/span><\/th>\n<th style=\"width: 16.6455%; border-style: solid; border-color: #0e0af5; text-align: center; vertical-align: top; height: 33px;\" scope=\"row\"><span style=\"font-size: 10pt;\" data-wahfont=\"13\"><strong>Ata Certame<\/strong><\/span><\/th>\n<th style=\"width: 16.6455%; border-style: solid; border-color: #0e0af5; text-align: center; vertical-align: top; height: 33px;\" scope=\"row\"><span style=\"font-size: 10pt;\" data-wahfont=\"13\"><strong>Ratifica\u00e7\u00e3o<\/strong><\/span><\/th>\n<th style=\"width: 16.6455%; border-style: solid; border-color: #0e0af5; text-align: center; vertical-align: top; height: 33px;\" scope=\"row\"><span style=\"font-size: 10pt;\" data-wahfont=\"13\"><strong>Contrato<\/strong><\/span><\/th>\n<th style=\"width: 16.6455%; border-style: solid; border-color: #0e0af5; text-align: center; vertical-align: top; height: 33px;\" scope=\"row\"><span style=\"font-size: 10pt;\" data-wahfont=\"13\"><strong>Publica\u00e7\u00e3o Contrato<\/strong><\/span><\/th>\n<\/tr>\n<tr>\n<td style=\"width: 16.6455%; border-style: solid; border-color: #0525f5; text-align: center; vertical-align: middle;\" scope=\"row\"><span style=\"font-size: 8pt;\"><strong><a href=\"https:\/\/www.guarara.mg.gov.br\/wp\/wp-content\/uploads\/2024\/03\/Termo-de-Referencia-3.pdf\">Termo de Referencia<\/a><\/strong><\/span><\/td>\n<td style=\"width: 16.6455%; border-style: solid; border-color: #0525f5; text-align: center; vertical-align: middle;\" scope=\"row\"><strong><span style=\"font-size: 10pt;\"><a href=\"https:\/\/www.guarara.mg.gov.br\/wp\/wp-content\/uploads\/2024\/03\/Aviso-Recebimento-de-Proposta-1.pdf\"><span style=\"font-size: 8pt;\">Recebimento de Proposta<\/span><\/a><\/span><\/strong><\/td>\n<td style=\"width: 16.6455%; border-style: solid; border-color: #0525f5; text-align: center; vertical-align: middle;\" scope=\"row\"><strong><span style=\"font-size: 10pt;\"><a href=\"https:\/\/www.guarara.mg.gov.br\/wp\/wp-content\/uploads\/2024\/03\/Ata-Proposta-3.pdf\"><span style=\"font-size: 8pt;\">Ata Proposta<\/span><\/a><\/span><\/strong><\/td>\n<td style=\"width: 16.6455%; border-style: solid; border-color: #0525f5; text-align: center; vertical-align: middle;\" scope=\"row\"><span style=\"font-size: 8pt;\"><strong><a href=\"https:\/\/www.guarara.mg.gov.br\/wp\/wp-content\/uploads\/2024\/03\/Ratificacao-7.pdf\">Ratifica\u00e7\u00e3o<\/a><\/strong><\/span><\/td>\n<td style=\"width: 16.6455%; border-style: solid; border-color: #0525f5; text-align: center; vertical-align: middle;\" scope=\"row\"><span style=\"font-size: 8pt;\"><strong><a href=\"https:\/\/www.guarara.mg.gov.br\/wp\/wp-content\/uploads\/2024\/03\/Contrato-4.pdf\">Contrato Integra<\/a><\/strong><\/span><\/td>\n<td style=\"width: 16.6455%; border-style: solid; border-color: #0525f5; text-align: center; vertical-align: middle;\" scope=\"row\"><a href=\"https:\/\/www.guarara.mg.gov.br\/wp\/wp-content\/uploads\/2024\/03\/AMM-8.pdf\"><strong><span style=\"font-size: 8pt;\">AMM<\/span><\/strong><\/a><br \/>\n<strong><span style=\"font-size: 8pt;\"><a href=\"https:\/\/www.guarara.mg.gov.br\/wp\/wp-content\/uploads\/2024\/03\/DOE-11.pdf\">DOE<\/a><\/span><\/strong><br \/>\n<strong><span style=\"font-size: 8pt;\"><a href=\"https:\/\/www.guarara.mg.gov.br\/wp\/wp-content\/uploads\/2024\/03\/DOU-10.pdf\">DOU<\/a><\/span><\/strong><\/td>\n<\/tr>\n<\/tbody>\n<\/table>\n<\/td>\n<\/tr>\n<tr style=\"height: 271px;\">\n<td style=\"width: 99.8758%; border-color: #000000; height: 271px;\"><strong>Processo n\u00ba 21\/2024\u00a0 \u00a0 \u00a0 \u00a0 \u00a0Conc\u00f4rrencia Eletr\u00f4nica n\u00ba 1\/2024\u00a0 \u00a0 \u00a0 \u00a0 \u00a0 \u00a0 \u00a0 \u00a0 \u00a0 \u00a0 \u00a0 \u00a0 \u00a0 \u00a0 \u00a0 \u00a0 \u00a0 \u00a0 <span style=\"color: #ff0000;\">FINALIZADO<\/span><br \/>\nObjeto: <\/strong>Contrata\u00e7\u00e3o de Empresa para Pavimenta\u00e7\u00e3o de Vias Urbanas no Munic\u00edpio de Guarar\u00e1 conforme Contrato de Repasse n\u00ba 939862\/2022\/Minist\u00e9rio das Cidades\/Caixa firmado entre o Munic\u00edpio e Minist\u00e9rio das Cidades.<strong><br \/>\n<span data-wahfont=\"14\">Data Abertura:<\/span><\/strong> 27\/06\/2024.\u00a0 \u00a0 \u00a0 \u00a0 \u00a0 \u00a0 \u00a0 \u00a0 \u00a0 \u00a0 \u00a0<strong><span data-wahfont=\"14\">Hor\u00e1rio:<\/span><\/strong> 09h30min.\u00a0<strong><br \/>\n<\/strong><strong>Local da Sess\u00e3o P\u00fablica:<\/strong> Plataforma: <a href=\"https:\/\/bll.org.br\">bll.org.br<\/a><\/p>\n<table style=\"width: 100%; border-collapse: collapse; line-height: 1; border-style: solid; border-color: #0539f7; height: 66px;\">\n<tbody>\n<tr style=\"height: 33px;\">\n<th style=\"width: 5.94844%; text-align: center; vertical-align: middle; border-style: solid; border-color: #0a24f0; height: 33px;\" scope=\"row\"><span style=\"font-size: 10pt;\"><strong>Edital<\/strong><\/span><\/th>\n<th style=\"width: 25.5548%; text-align: center; vertical-align: middle; border-style: solid; border-color: #0a24f0; height: 33px;\" scope=\"row\"><span style=\"font-size: 10pt;\"><strong>Publica\u00e7\u00e3o Edital<\/strong><\/span><\/th>\n<th style=\"width: 20.417%; text-align: center; vertical-align: middle; border-style: solid; border-color: #0a24f0; height: 33px;\" scope=\"row\"><span style=\"font-size: 10pt;\"><strong>Ata Certame<\/strong><\/span><\/th>\n<th style=\"width: 1.29702%; text-align: center; vertical-align: middle; border-style: solid; border-color: #0a24f0; height: 33px;\" scope=\"row\"><span style=\"font-size: 10pt;\"><strong>Homologa\u00e7\u00e3o\/Adjudica\u00e7\u00e3o<\/strong><\/span><\/th>\n<th style=\"width: 15.7692%; text-align: center; vertical-align: middle; border-style: solid; border-color: #0a24f0; height: 33px;\" scope=\"row\"><span style=\"font-size: 10pt;\"><strong>Contrato<\/strong><\/span><\/th>\n<th style=\"width: 15.9228%; text-align: center; vertical-align: middle; border-style: solid; border-color: #0a24f0; height: 33px;\" scope=\"row\"><span style=\"font-size: 10pt;\"><strong>Publica\u00e7\u00e3o <\/strong><strong>Contrato<\/strong><\/span><\/th>\n<\/tr>\n<tr style=\"height: 33px;\">\n<td style=\"width: 5.94844%; border-style: solid; border-color: #0713f5; text-align: center; vertical-align: middle; height: 33px;\" scope=\"row\"><strong><span style=\"font-size: 8pt;\"><a href=\"https:\/\/www.guarara.mg.gov.br\/wp\/wp-content\/uploads\/2024\/03\/EditalCompleto-Pavimentacao.pdf\">Edital<\/a><\/span><\/strong><\/td>\n<td style=\"width: 25.5548%; border-style: solid; border-color: #0713f5; text-align: center; vertical-align: middle; height: 33px;\" scope=\"row\"><span style=\"font-size: 8pt;\"><strong>12\/06\/2024<\/strong><\/span><\/td>\n<td style=\"width: 20.417%; border-style: solid; border-color: #0713f5; text-align: center; vertical-align: middle; height: 33px;\" scope=\"row\"><strong><span style=\"font-size: 8pt;\"><a href=\"https:\/\/www.guarara.mg.gov.br\/wp\/wp-content\/uploads\/2024\/03\/Ata-Certame-4.pdf\">Ata Certame<\/a><\/span><\/strong><\/td>\n<td style=\"width: 1.29702%; border-style: solid; border-color: #0713f5; text-align: center; vertical-align: middle; height: 33px;\" scope=\"row\"><strong><span style=\"font-size: 8pt;\"><a href=\"https:\/\/www.guarara.mg.gov.br\/wp\/wp-content\/uploads\/2024\/03\/Homologacao-5.pdf\">Homologa\u00e7\u00e3o<\/a><\/span><\/strong><br \/>\n<strong><span style=\"font-size: 8pt;\"><a href=\"https:\/\/www.guarara.mg.gov.br\/wp\/wp-content\/uploads\/2024\/03\/Adjudicacao-2.pdf\">Adjudica\u00e7\u00e3o<\/a><\/span><\/strong><\/td>\n<td style=\"width: 15.7692%; border-style: solid; border-color: #0713f5; text-align: center; vertical-align: middle; height: 33px;\" scope=\"row\"><strong><span style=\"font-size: 8pt;\"><a href=\"https:\/\/www.guarara.mg.gov.br\/wp\/wp-content\/uploads\/2024\/03\/Contrato-6.pdf\">Contrato Civil<\/a><\/span><\/strong><\/td>\n<td style=\"width: 15.9228%; border-style: solid; border-color: #0713f5; text-align: center; vertical-align: middle; height: 33px;\" scope=\"row\"><strong><span style=\"font-size: 8pt;\"><a href=\"https:\/\/www.guarara.mg.gov.br\/wp\/wp-content\/uploads\/2024\/03\/16-Publicacao-Extrato-AMM.pdf\">AMM<\/a><\/span><\/strong><br \/>\n<strong><span style=\"font-size: 8pt;\"><a href=\"https:\/\/www.guarara.mg.gov.br\/wp\/wp-content\/uploads\/2024\/03\/16-Publicacao-Extrato-DOE.pdf\">DOE<\/a><\/span><\/strong><br \/>\n<strong><span style=\"font-size: 8pt;\"><a href=\"https:\/\/www.guarara.mg.gov.br\/wp\/wp-content\/uploads\/2024\/03\/16-Publicacao-Extrato-DOU.pdf\">DOU<\/a><\/span><\/strong><\/td>\n<\/tr>\n<\/tbody>\n<\/table>\n<\/td>\n<\/tr>\n<tr style=\"height: 386px;\">\n<td style=\"width: 99.8758%; border-color: #000000; height: 386px;\"><strong>Processo n\u00ba 22\/2024\u00a0 \u00a0 \u00a0Inexigibilidade n\u00ba 8\/2024\u00a0 \u00a0Credenciamento n\u00ba 2\/2024\u00a0 \u00a0 \u00a0<span style=\"color: #0000ff;\" data-wahfont=\"15\">ABERTO<\/span>\u00a0<\/strong><\/p>\n<p data-wahfont=\"15\"><strong>Objeto:<\/strong>Credenciamento de pessoa Jur\u00eddica para presta\u00e7\u00e3o de servi\u00e7os de pedreiro de servi\u00e7os gerais (estrutural, alvenarias, acabamentos e pisos) servente de servi\u00e7os gerais, pintor de servi\u00e7os gerais, calceteiro, serralheiro e carpinteiro para atender os servi\u00e7os de manuten\u00e7\u00e3o, recupera\u00e7\u00e3o e amplia\u00e7\u00e3o de pr\u00e9dios p\u00fablicos, reparos em im\u00f3veis de carentes, vias urbanas, estradas vicinais e Constru\u00e7\u00e3o das casas do Programa habitacional e outros, conforme Termo de Referencia (anexo I) e Projeto (anexo II).<\/p>\n<p data-wahfont=\"15\"><strong>Data para Credenciar:<\/strong> Das 09h00mim do dia 04\/07\/2024 at\u00e9 as 16h00mim do 30\/11\/2024.<\/p>\n<table style=\"width: 100%; border-collapse: collapse; line-height: 1; border-style: solid; border-color: #043cbf; height: 174px;\">\n<tbody>\n<tr style=\"height: 55px;\">\n<th style=\"width: 11.6917%; vertical-align: middle; border-style: solid; border-color: #050fa1; text-align: center; height: 55px;\" scope=\"row\"><span style=\"font-size: 10pt;\">Edital<\/span><\/th>\n<th style=\"width: 15.7124%; vertical-align: middle; border-style: solid; border-color: #050fa1; text-align: center; height: 55px;\" scope=\"row\"><span style=\"font-size: 10pt;\">Aviso<\/span><\/th>\n<th style=\"width: 16.6667%; vertical-align: middle; border-style: solid; border-color: #050fa1; text-align: center; height: 55px;\" scope=\"row\"><span style=\"font-size: 10pt;\">Ata Certame<\/span><\/th>\n<th style=\"width: 10.8671%; vertical-align: middle; border-style: solid; border-color: #050fa1; text-align: center; height: 55px;\" scope=\"row\"><span style=\"font-size: 10pt;\">Lista\u00a0<\/span><\/th>\n<th style=\"width: 14.6748%; vertical-align: middle; border-style: solid; border-color: #050fa1; text-align: center; height: 55px;\" scope=\"row\"><span style=\"font-size: 10pt;\">Ratifica\u00e7\u00e3o<\/span><\/th>\n<th style=\"width: 17.3985%; vertical-align: middle; border-style: solid; border-color: #050fa1; text-align: center; height: 55px;\" scope=\"row\"><span style=\"font-size: 10pt;\">Contrato<\/span><\/th>\n<th style=\"width: 12.9887%; vertical-align: middle; border-style: solid; border-color: #050fa1; text-align: center; height: 55px;\" scope=\"row\"><span style=\"font-size: 10pt;\">Publica\u00e7\u00e3o Contrato<\/span><\/th>\n<\/tr>\n<tr style=\"height: 119px;\">\n<th style=\"width: 11.6917%; vertical-align: middle; border-style: solid; border-color: #050fa1; text-align: center; height: 119px;\" scope=\"row\"><strong><span style=\"font-size: 8pt;\"><a href=\"https:\/\/www.guarara.mg.gov.br\/wp\/wp-content\/uploads\/2024\/03\/EditalCredenciamento-Pedreiros.pdf\">Edital<\/a><\/span><\/strong><\/th>\n<th style=\"width: 15.7124%; vertical-align: middle; border-style: solid; border-color: #050fa1; text-align: center; height: 119px;\" scope=\"row\"><strong><span style=\"font-size: 8pt;\"><a href=\"https:\/\/www.guarara.mg.gov.br\/wp\/wp-content\/uploads\/2024\/03\/Aviso-Credenciamento.pdf\">Credenciamento<\/a><\/span><\/strong><\/th>\n<th style=\"width: 16.6667%; vertical-align: middle; border-style: solid; border-color: #050fa1; text-align: center; height: 119px;\" scope=\"row\"><strong><span style=\"font-size: 8pt;\"><a href=\"https:\/\/www.guarara.mg.gov.br\/wp\/wp-content\/uploads\/2024\/03\/1a-Ata-Credenciamento-1.pdf\">1\u00aa Ata Credenciamento<\/a><\/span><\/strong><br \/>\n<strong><span style=\"font-size: 8pt;\"><a href=\"https:\/\/www.guarara.mg.gov.br\/wp\/wp-content\/uploads\/2024\/03\/20-Ata-Credenciamento-2a.docx\">2\u00aa Ata Credenciamento<\/a><\/span><\/strong><br \/>\n<strong><span style=\"font-size: 8pt;\"><a href=\"https:\/\/www.guarara.mg.gov.br\/wp\/wp-content\/uploads\/2024\/03\/3a-Ata-Credenciamento.pdf\">3\u00aa Ata Credenciamento<\/a><\/span><\/strong><br \/>\n<strong><span style=\"font-size: 8pt;\"><a href=\"https:\/\/www.guarara.mg.gov.br\/wp\/wp-content\/uploads\/2024\/03\/4a-Ata-Credenciamento.pdf\">4\u00aa Ata Credenciamento<\/a><\/span><\/strong><\/th>\n<th style=\"width: 10.8671%; vertical-align: middle; border-style: solid; border-color: #050fa1; text-align: center; height: 119px;\" scope=\"row\"><strong><span style=\"font-size: 8pt;\"><a href=\"https:\/\/www.guarara.mg.gov.br\/wp\/wp-content\/uploads\/2024\/03\/1a-Lista-1.pdf\">1\u00aa Lista<\/a><\/span><\/strong><br \/>\n<strong><span style=\"font-size: 8pt;\"><a href=\"https:\/\/www.guarara.mg.gov.br\/wp\/wp-content\/uploads\/2024\/03\/21-Lista-2a.docx\">2\u00aa Lista<\/a><\/span><\/strong><br \/>\n<strong><span style=\"font-size: 8pt;\"><a href=\"https:\/\/www.guarara.mg.gov.br\/wp\/wp-content\/uploads\/2024\/03\/3a-Lista.pdf\">3\u00aa Lista<\/a><\/span><\/strong><br \/>\n<strong><span style=\"font-size: 8pt;\"><a href=\"https:\/\/www.guarara.mg.gov.br\/wp\/wp-content\/uploads\/2024\/03\/4a-Lista.pdf\">4\u00aa Lista<\/a><\/span><\/strong><\/th>\n<th style=\"width: 14.6748%; vertical-align: middle; border-style: solid; border-color: #050fa1; text-align: center; height: 119px;\" scope=\"row\"><strong><span style=\"font-size: 8pt;\"><a href=\"https:\/\/www.guarara.mg.gov.br\/wp\/wp-content\/uploads\/2024\/03\/1a-Ratificacao-1.pdf\">1\u00aa Ratificacao<\/a><\/span><\/strong><br \/>\n<strong><span style=\"font-size: 8pt;\"><a href=\"https:\/\/www.guarara.mg.gov.br\/wp\/wp-content\/uploads\/2024\/03\/23-Ratificacao.doc\">2\u00aa Ratifica\u00e7\u00e3o<\/a><\/span><\/strong><br \/>\n<strong><span style=\"font-size: 8pt;\"><a href=\"https:\/\/www.guarara.mg.gov.br\/wp\/wp-content\/uploads\/2024\/03\/3a-Ratificacao.pdf\">3\u00aa Ratifica\u00e7\u00e3o<\/a><\/span><\/strong><br \/>\n<strong><span style=\"font-size: 8pt;\"><a href=\"https:\/\/www.guarara.mg.gov.br\/wp\/wp-content\/uploads\/2024\/03\/4a-Ratificacao.pdf\">4\u00aa Ratifica\u00e7\u00e3o<\/a><\/span><\/strong><\/th>\n<th style=\"width: 17.3985%; vertical-align: middle; border-style: solid; border-color: #050fa1; text-align: center; height: 119px;\" scope=\"row\"><strong><span style=\"font-size: 8pt;\"><a href=\"https:\/\/www.guarara.mg.gov.br\/wp\/wp-content\/uploads\/2024\/03\/Contrato-Jose.pdf\">Contrato Jose<\/a><\/span><\/strong><br \/>\n<strong><span style=\"font-size: 8pt;\"><a href=\"https:\/\/www.guarara.mg.gov.br\/wp\/wp-content\/uploads\/2024\/03\/Contrato-Geraldo.pdf\">Contrato Geraldo<\/a><\/span><\/strong><br \/>\n<strong><span style=\"font-size: 8pt;\"><a href=\"https:\/\/www.guarara.mg.gov.br\/wp\/wp-content\/uploads\/2024\/03\/27-contrato-Luiz-Bento.docx\">Contrato Luiz Bento<\/a><\/span><\/strong><br \/>\n<strong><span style=\"font-size: 8pt;\"><a href=\"https:\/\/www.guarara.mg.gov.br\/wp\/wp-content\/uploads\/2024\/03\/Contrato-Adao.pdf\">Contrato Ad\u00e3o<\/a><\/span><\/strong><br \/>\n<strong><span style=\"font-size: 8pt;\"><a href=\"https:\/\/www.guarara.mg.gov.br\/wp\/wp-content\/uploads\/2024\/03\/Contrato-Gilson.pdf\">Contrato Gilson<\/a><\/span><\/strong><\/th>\n<th style=\"width: 12.9887%; border-style: solid; border-color: #050fa1; text-align: center; vertical-align: middle; height: 119px;\" scope=\"row\"><strong><span style=\"font-size: 8pt;\"><a href=\"https:\/\/www.guarara.mg.gov.br\/wp\/wp-content\/uploads\/2024\/03\/AMM-12.pdf\">AMM 1\u00ba<\/a><\/span><\/strong><br \/>\n<strong><span style=\"font-size: 8pt;\"><a href=\"https:\/\/www.guarara.mg.gov.br\/wp\/wp-content\/uploads\/2024\/03\/DOE-13.pdf\">DOE 1\u00ba<\/a> <\/span><\/strong><br \/>\n<strong><span style=\"font-size: 8pt;\"><a href=\"https:\/\/www.guarara.mg.gov.br\/wp\/wp-content\/uploads\/2024\/03\/DOU-11.pdf\">DOU 1\u00ba<\/a><\/span><\/strong><br \/>\n<strong><span style=\"font-size: 8pt;\"><a href=\"https:\/\/www.guarara.mg.gov.br\/wp\/wp-content\/uploads\/2024\/03\/AMM-13.pdf\">AMM 2\u00ba<\/a><\/span><\/strong><br \/>\n<strong><span style=\"font-size: 8pt;\"><a href=\"https:\/\/www.guarara.mg.gov.br\/wp\/wp-content\/uploads\/2024\/03\/DOE-14.pdf\">DOE 2\u00ba<\/a><\/span><\/strong><br \/>\n<strong><span style=\"font-size: 8pt;\"><a href=\"https:\/\/www.guarara.mg.gov.br\/wp\/wp-content\/uploads\/2024\/03\/DOU-12.pdf\">DOU 2\u00ba<\/a><\/span><\/strong><\/th>\n<\/tr>\n<\/tbody>\n<\/table>\n<\/td>\n<\/tr>\n<tr style=\"height: 106px;\">\n<td style=\"width: 99.8758%; border-color: #000000; height: 106px;\"><strong>Processo n\u00ba 23\/2024\u00a0 \u00a0 \u00a0 \u00a0 \u00a0Dispensa n\u00ba 6\/2024\u00a0 \u00a0 \u00a0 \u00a0 \u00a0 \u00a0 \u00a0 \u00a0 \u00a0 \u00a0 \u00a0 \u00a0 \u00a0 \u00a0 \u00a0 \u00a0 \u00a0 \u00a0 \u00a0 \u00a0 \u00a0 \u00a0 \u00a0 \u00a0 \u00a0 \u00a0 \u00a0 \u00a0 \u00a0 \u00a0 \u00a0 \u00a0 \u00a0 \u00a0 <span style=\"color: #ff0000;\">FINALIZADO<\/span><br \/>\nObjeto: <\/strong>Contrata\u00e7\u00e3o de empresa para fornecimento e Aplica\u00e7\u00e3o de CBUQ sem Transporte.<strong><br \/>\nData: \u00a0<\/strong>02\/07\/2024.<\/p>\n<table style=\"width: 100%; border-collapse: collapse; line-height: 1; border-style: solid; border-color: #0431d1;\">\n<tbody>\n<tr style=\"height: 33px;\">\n<th style=\"width: 16.6455%; border-style: solid; border-color: #0e0af5; text-align: center; vertical-align: top; height: 33px;\" scope=\"row\"><span style=\"font-size: 10pt;\" data-wahfont=\"13\"><strong>T. R.<\/strong><\/span><\/th>\n<th style=\"width: 16.6455%; border-style: solid; border-color: #0e0af5; text-align: center; vertical-align: top; height: 33px;\" scope=\"row\"><span style=\"font-size: 10pt;\" data-wahfont=\"13\"><strong>Aviso<\/strong><\/span><\/th>\n<th style=\"width: 16.6455%; border-style: solid; border-color: #0e0af5; text-align: center; vertical-align: top; height: 33px;\" scope=\"row\"><span style=\"font-size: 10pt;\" data-wahfont=\"13\"><strong>Ata Certane<\/strong><\/span><\/th>\n<th style=\"width: 16.6455%; border-style: solid; border-color: #0e0af5; text-align: center; vertical-align: top; height: 33px;\" scope=\"row\"><span style=\"font-size: 10pt;\" data-wahfont=\"13\"><strong>Ratifica\u00e7\u00e3o<\/strong><\/span><\/th>\n<th style=\"width: 16.6455%; border-style: solid; border-color: #0e0af5; text-align: center; vertical-align: top; height: 33px;\" scope=\"row\"><span style=\"font-size: 10pt;\" data-wahfont=\"13\"><strong>Contrato<\/strong><\/span><\/th>\n<th style=\"width: 16.6455%; border-style: solid; border-color: #0e0af5; text-align: center; vertical-align: top; height: 33px;\" scope=\"row\"><span style=\"font-size: 10pt;\" data-wahfont=\"13\"><strong>Publica\u00e7\u00e3o Contrato<\/strong><\/span><\/th>\n<\/tr>\n<tr>\n<td style=\"width: 16.6455%; border-style: solid; border-color: #0514b5; text-align: center; vertical-align: middle;\" scope=\"row\"><a href=\"https:\/\/www.guarara.mg.gov.br\/wp\/wp-content\/uploads\/2024\/03\/Termo-de-Referencia-4.pdf\"><strong><span style=\"font-size: 8pt;\">Termo de Referencia<\/span><\/strong><\/a><\/td>\n<td style=\"width: 16.6455%; border-style: solid; border-color: #0514b5; text-align: center; vertical-align: middle;\" scope=\"row\"><a href=\"https:\/\/www.guarara.mg.gov.br\/wp\/wp-content\/uploads\/2024\/03\/Aviso-Recebimento-de-Proposta-2.pdf\"><strong><span style=\"font-size: 8pt;\">Recebimento de Proposta<\/span><\/strong><\/a><\/td>\n<td style=\"width: 16.6455%; border-style: solid; border-color: #0514b5; text-align: center; vertical-align: middle;\" scope=\"row\"><a href=\"https:\/\/www.guarara.mg.gov.br\/wp\/wp-content\/uploads\/2024\/03\/Ata-Proposta-4.pdf\"><strong><span style=\"font-size: 8pt;\">Ata Proposta<\/span><\/strong><\/a><\/td>\n<td style=\"width: 16.6455%; border-style: solid; border-color: #0514b5; text-align: center; vertical-align: middle;\" scope=\"row\"><strong><span style=\"font-size: 8pt;\"><a href=\"https:\/\/www.guarara.mg.gov.br\/wp\/wp-content\/uploads\/2024\/03\/Ratificacao-8.pdf\">Ratifica\u00e7\u00e3o<\/a><\/span><\/strong><\/td>\n<td style=\"width: 16.6455%; border-style: solid; border-color: #0514b5; text-align: center; vertical-align: middle;\" scope=\"row\"><strong><span style=\"font-size: 8pt;\"><a href=\"https:\/\/www.guarara.mg.gov.br\/wp\/wp-content\/uploads\/2024\/03\/Contrato-Civil.pdf\">Contrato Civil<\/a><\/span><\/strong><\/td>\n<td style=\"width: 16.6455%; border-style: solid; border-color: #0514b5; text-align: center; vertical-align: middle;\" scope=\"row\"><a href=\"https:\/\/www.guarara.mg.gov.br\/wp\/wp-content\/uploads\/2024\/03\/AMM-12.pdf\"><strong><span style=\"font-size: 8pt;\">AMM<\/span><\/strong><\/a><br \/>\n<strong><span style=\"font-size: 8pt;\"><a href=\"https:\/\/www.guarara.mg.gov.br\/wp\/wp-content\/uploads\/2024\/03\/DOE-13.pdf\">DOE<\/a> <\/span><\/strong><br \/>\n<strong><span style=\"font-size: 8pt;\"><a href=\"https:\/\/www.guarara.mg.gov.br\/wp\/wp-content\/uploads\/2024\/03\/DOU-11.pdf\">DOU<\/a><\/span><\/strong><\/td>\n<\/tr>\n<\/tbody>\n<\/table>\n<\/td>\n<\/tr>\n<tr style=\"height: 262px;\">\n<td style=\"width: 99.8758%; border-color: #000000; height: 262px;\"><strong>Processo n\u00ba 24\/2024\u00a0 \u00a0 \u00a0 \u00a0 \u00a0Dispensa n\u00ba 7\/2024\u00a0 \u00a0 \u00a0 \u00a0 \u00a0 \u00a0 \u00a0 \u00a0 \u00a0 \u00a0 \u00a0 \u00a0 \u00a0 \u00a0 \u00a0 \u00a0 \u00a0 \u00a0 \u00a0 \u00a0 \u00a0 \u00a0 \u00a0 \u00a0 \u00a0 \u00a0 \u00a0 \u00a0 \u00a0 \u00a0 \u00a0 \u00a0 \u00a0 \u00a0 <span style=\"color: #ff0000;\">FINALIZADO<\/span><br \/>\nObjeto: <\/strong>Contrata\u00e7\u00e3o de empresa para o fornecimento de materiais e equipamentos para manuten\u00e7\u00e3o do Ensino em Tempo Integral dos alunos 1\u00ba e 2\u00ba per\u00edodo da E. M. Maria In\u00eas Marques de Souza e Manuten\u00e7\u00e3o da Cozinha da Escola Municipal Ferreira Marques.<strong><br \/>\nData:\u00a0 <\/strong>15\/07\/2024.<\/p>\n<table style=\"width: 100%; border-collapse: collapse; line-height: 1; border-style: solid; border-color: #06279c; height: 75px;\">\n<tbody>\n<tr style=\"height: 36px;\">\n<th style=\"width: 16.6455%; border-style: solid; border-color: #0e0af5; text-align: center; vertical-align: top; height: 36px;\" scope=\"row\"><span style=\"font-size: 10pt;\" data-wahfont=\"13\"><strong>T. R.<\/strong><\/span><\/th>\n<th style=\"width: 16.6455%; border-style: solid; border-color: #0e0af5; text-align: center; vertical-align: top; height: 36px;\" scope=\"row\"><span style=\"font-size: 10pt;\" data-wahfont=\"13\"><strong>Aviso<\/strong><\/span><\/th>\n<th style=\"width: 16.6455%; border-style: solid; border-color: #0e0af5; text-align: center; vertical-align: top; height: 36px;\" scope=\"row\"><span style=\"font-size: 10pt;\" data-wahfont=\"13\"><strong>Ata<\/strong><\/span><\/th>\n<th style=\"width: 16.6455%; border-style: solid; border-color: #0e0af5; text-align: center; vertical-align: top; height: 36px;\" scope=\"row\"><span style=\"font-size: 10pt;\" data-wahfont=\"13\"><strong>Ratifica\u00e7\u00e3o<\/strong><\/span><\/th>\n<th style=\"width: 16.6455%; border-style: solid; border-color: #0e0af5; text-align: center; vertical-align: top; height: 36px;\" scope=\"row\"><span style=\"font-size: 10pt;\" data-wahfont=\"13\"><strong>Contrato<\/strong><\/span><\/th>\n<th style=\"width: 16.6455%; border-style: solid; border-color: #0e0af5; text-align: center; vertical-align: top; height: 36px;\" scope=\"row\"><span style=\"font-size: 10pt;\" data-wahfont=\"13\"><strong>Publica\u00e7\u00e3o Contrato<\/strong><\/span><\/th>\n<\/tr>\n<tr style=\"height: 39px;\">\n<th style=\"width: 16.6455%; border-style: solid; border-color: #05209c; text-align: center; vertical-align: middle; height: 39px;\" scope=\"row\"><a href=\"https:\/\/www.guarara.mg.gov.br\/wp\/wp-content\/uploads\/2024\/03\/Termo-de-Referencia-5.pdf\"><span style=\"font-size: 8pt;\">Termo de<\/span> <strong><span style=\"font-size: 8pt;\">Referencia<\/span><\/strong><\/a><\/th>\n<th style=\"width: 16.6455%; border-style: solid; border-color: #05209c; text-align: center; vertical-align: middle; height: 39px;\" scope=\"row\"><a href=\"https:\/\/www.guarara.mg.gov.br\/wp\/wp-content\/uploads\/2024\/03\/Aviso-Recebimento-de-Proposta-3.pdf\"><strong><span style=\"font-size: 8pt;\">Recebimento de Proposta<\/span><\/strong><\/a><\/th>\n<th style=\"width: 16.6455%; border-style: solid; border-color: #05209c; text-align: center; vertical-align: middle; height: 39px;\" scope=\"row\"><strong><span style=\"font-size: 8pt;\"><a href=\"https:\/\/www.guarara.mg.gov.br\/wp\/wp-content\/uploads\/2024\/03\/Ata-Proposta-5.pdf\">Ata Proposta<\/a><\/span><\/strong><\/th>\n<th style=\"width: 16.6455%; border-style: solid; border-color: #05209c; text-align: center; vertical-align: middle; height: 39px;\" scope=\"row\"><a href=\"https:\/\/www.guarara.mg.gov.br\/wp\/wp-content\/uploads\/2024\/03\/Ratificacao-9.pdf\"><span style=\"font-size: 8pt;\">Ratificacao<\/span><\/a><\/th>\n<th style=\"width: 16.6455%; border-style: solid; border-color: #05209c; text-align: center; vertical-align: middle; height: 39px;\" scope=\"row\"><strong><span style=\"font-size: 8pt;\"><a href=\"https:\/\/www.guarara.mg.gov.br\/wp\/wp-content\/uploads\/2024\/03\/Contrato-Monteverde.pdf\">Contrato Monteverde<\/a><\/span><\/strong><\/th>\n<th style=\"width: 16.6455%; border-style: solid; border-color: #05209c; text-align: center; vertical-align: middle; height: 39px;\" scope=\"row\"><strong><span style=\"font-size: 8pt;\"><a href=\"https:\/\/www.guarara.mg.gov.br\/wp\/wp-content\/uploads\/2024\/03\/AMM-12.pdf\">AMM<\/a><\/span><\/strong><br \/>\n<strong><span style=\"font-size: 8pt;\"><a href=\"https:\/\/www.guarara.mg.gov.br\/wp\/wp-content\/uploads\/2024\/03\/DOE-13.pdf\">DOE<\/a><\/span><\/strong><br \/>\n<strong><span style=\"font-size: 8pt;\"><a href=\"https:\/\/www.guarara.mg.gov.br\/wp\/wp-content\/uploads\/2024\/03\/DOU-11.pdf\">DOU<\/a><\/span><\/strong><\/th>\n<\/tr>\n<\/tbody>\n<\/table>\n<\/td>\n<\/tr>\n<tr style=\"height: 233px;\">\n<td style=\"width: 99.8758%; border-color: #000000; height: 233px;\"><strong>Processo n\u00ba 25\/2024\u00a0 \u00a0 Dispensa n\u00ba 8\/2024\u00a0 \u00a0 \u00a0Sistema de Registo de Pre\u00e7o\u00a0 \u00a0 \u00a0 \u00a0 \u00a0<span style=\"color: #ff0000;\">FINALIZADO<\/span><br \/>\nObjeto:<\/strong>Contrata\u00e7\u00e3o de empresa para o fornecimento de Equipamentos de Prote\u00e7\u00e3o Individual.<strong><br \/>\nData:\u00a0 <\/strong>15\/07\/2024.<\/p>\n<table style=\"width: 100%; border-collapse: collapse; line-height: 1; border-style: solid; border-color: #0528a8;\">\n<tbody>\n<tr style=\"height: 36px;\">\n<th style=\"width: 16.6455%; border-style: solid; border-color: #0e0af5; text-align: center; vertical-align: top; height: 36px;\" scope=\"row\"><span style=\"font-size: 10pt;\" data-wahfont=\"13\"><strong>T. R.<\/strong><\/span><\/th>\n<th style=\"width: 16.6455%; border-style: solid; border-color: #0e0af5; text-align: center; vertical-align: top; height: 36px;\" scope=\"row\"><span style=\"font-size: 10pt;\" data-wahfont=\"13\"><strong>Aviso<\/strong><\/span><\/th>\n<th style=\"width: 16.6455%; border-style: solid; border-color: #0e0af5; text-align: center; vertical-align: top; height: 36px;\" scope=\"row\"><span style=\"font-size: 10pt;\" data-wahfont=\"13\"><strong>Ata Certame<\/strong><\/span><\/th>\n<th style=\"width: 16.6455%; border-style: solid; border-color: #0e0af5; text-align: center; vertical-align: top; height: 36px;\" scope=\"row\"><span style=\"font-size: 10pt;\" data-wahfont=\"13\"><strong>Ratifica\u00e7\u00e3o<\/strong><\/span><\/th>\n<th style=\"width: 16.6455%; border-style: solid; border-color: #0e0af5; text-align: center; vertical-align: top; height: 36px;\" scope=\"row\"><span style=\"font-size: 10pt;\" data-wahfont=\"13\"><strong>Ata<\/strong><\/span><\/th>\n<th style=\"width: 16.6455%; border-style: solid; border-color: #0e0af5; text-align: center; vertical-align: top; height: 36px;\" scope=\"row\"><span style=\"font-size: 10pt;\" data-wahfont=\"13\"><strong>Publica\u00e7\u00e3o Ata<\/strong><\/span><\/th>\n<\/tr>\n<tr>\n<th style=\"width: 16.6455%; border-style: solid; border-color: #051b9c; text-align: center; vertical-align: middle;\" scope=\"row\"><strong><span style=\"font-size: 8pt;\"><a href=\"https:\/\/www.guarara.mg.gov.br\/wp\/wp-content\/uploads\/2024\/03\/Termo-de-Referencia-6.pdf\">Termo de Referencia<\/a><\/span><\/strong><\/th>\n<th style=\"width: 16.6455%; border-style: solid; border-color: #051b9c; text-align: center; vertical-align: middle;\" scope=\"row\"><strong><span style=\"font-size: 8pt;\"><a href=\"https:\/\/www.guarara.mg.gov.br\/wp\/wp-content\/uploads\/2024\/03\/Aviso-Recebimento-de-Proposta-4.pdf\">Recebimento de Proposta<\/a><\/span><\/strong><\/th>\n<th style=\"width: 16.6455%; border-style: solid; border-color: #051b9c; text-align: center; vertical-align: middle;\" scope=\"row\"><strong><span style=\"font-size: 8pt;\"><a href=\"https:\/\/www.guarara.mg.gov.br\/wp\/wp-content\/uploads\/2024\/03\/Ata-Proposta-6.pdf\">Ata Proposta<\/a><\/span><\/strong><\/th>\n<th style=\"width: 16.6455%; border-style: solid; border-color: #051b9c; text-align: center; vertical-align: middle;\" scope=\"row\"><strong><span style=\"font-size: 8pt;\"><a href=\"https:\/\/www.guarara.mg.gov.br\/wp\/wp-content\/uploads\/2024\/03\/Ratificacao-10.pdf\">Ratifica\u00e7\u00e3o<\/a><\/span><\/strong><\/th>\n<th style=\"width: 16.6455%; border-style: solid; border-color: #051b9c; text-align: center; vertical-align: middle;\" scope=\"row\"><a href=\"https:\/\/www.guarara.mg.gov.br\/wp\/wp-content\/uploads\/2024\/03\/Ata-de-Registro-Equipabicas.pdf\"><span style=\"font-size: 8pt;\"><strong>Ata de Registro Equipabicas<\/strong><\/span><\/a><\/th>\n<th style=\"width: 16.6455%; border-style: solid; border-color: #051b9c; text-align: center; vertical-align: middle;\" scope=\"row\"><a href=\"https:\/\/www.guarara.mg.gov.br\/wp\/wp-content\/uploads\/2024\/03\/AMM-10.pdf\"><strong><span style=\"font-size: 8pt;\">AMM<\/span><\/strong><\/a><br \/>\n<strong><span style=\"font-size: 8pt;\"><a href=\"https:\/\/www.guarara.mg.gov.br\/wp\/wp-content\/uploads\/2024\/03\/DOE-13.pdf\">DOE<\/a><\/span><\/strong><br \/>\n<strong><span style=\"font-size: 8pt;\"><a href=\"https:\/\/www.guarara.mg.gov.br\/wp\/wp-content\/uploads\/2024\/03\/DOU-11.pdf\">DOU<\/a><\/span><\/strong><\/th>\n<\/tr>\n<\/tbody>\n<\/table>\n<\/td>\n<\/tr>\n<tr style=\"height: 217px;\">\n<td style=\"width: 99.8758%; border-color: #000000; height: 217px;\"><strong>Processo n\u00ba 26\/2024\u00a0 \u00a0 \u00a0 \u00a0 \u00a0 P.P n\u00ba 9\/2024\u00a0 \u00a0 \u00a0 \u00a0 \u00a0 \u00a0 \u00a0 \u00a0 \u00a0 \u00a0 \u00a0 \u00a0 \u00a0 \u00a0 \u00a0 \u00a0 \u00a0 \u00a0 \u00a0 \u00a0 \u00a0 \u00a0 \u00a0 \u00a0 \u00a0 \u00a0 \u00a0 \u00a0 \u00a0 \u00a0 \u00a0 \u00a0 \u00a0 \u00a0 \u00a0 \u00a0 \u00a0 \u00a0 \u00a0<span style=\"color: #ff0000;\">CANCELADO<\/span><br \/>\nObjeto: <\/strong>Aquisi\u00e7\u00e3o de Kit Escolar para distribui\u00e7\u00e3o dos alunos do ensino infantil e fundamental.<strong><br \/>\nData Abertura: <\/strong>22\/07\/2024.\u00a0 \u00a0 \u00a0<strong> \u00a0 \u00a0 \u00a0 \u00a0 \u00a0 \u00a0 \u00a0 \u00a0 \u00a0 Hora: <\/strong>09h30min.<\/p>\n<table style=\"width: 100%; border-collapse: collapse; line-height: 1; border-style: solid; border-color: #0520b5;\">\n<tbody>\n<tr>\n<th style=\"width: 5.81874%; text-align: center; vertical-align: middle; border-style: solid; border-color: #0a24f0;\" scope=\"row\"><span style=\"font-size: 10pt;\"><strong>Edital<\/strong><\/span><\/th>\n<th style=\"width: 20.2372%; text-align: center; vertical-align: middle; border-style: solid; border-color: #0a24f0;\" scope=\"row\"><span style=\"font-size: 10pt;\"><strong>Publica\u00e7\u00e3o Edital<\/strong><\/span><\/th>\n<th style=\"width: 15.3586%; text-align: center; vertical-align: middle; border-style: solid; border-color: #0a24f0;\" scope=\"row\"><span style=\"font-size: 10pt;\"><strong>Ata Certame<\/strong><\/span><\/th>\n<th style=\"width: 10.3109%; text-align: center; vertical-align: middle; border-style: solid; border-color: #0a24f0;\" scope=\"row\"><span style=\"font-size: 10pt;\"><strong>Homologa\u00e7\u00e3o<\/strong><\/span><\/th>\n<th style=\"width: 6.81974%; text-align: center; vertical-align: middle; border-style: solid; border-color: #0a24f0;\" scope=\"row\"><span style=\"font-size: 10pt;\"><strong>Contrato\/Ata\u00a0<\/strong><\/span><\/th>\n<th style=\"width: 14.4961%; text-align: center; vertical-align: middle; border-style: solid; border-color: #0a24f0;\" scope=\"row\"><span style=\"font-size: 10pt;\"><strong>Publica\u00e7\u00e3o <\/strong><strong>Contrato\/Ata<\/strong><\/span><\/th>\n<\/tr>\n<tr>\n<th style=\"width: 5.81874%; border-style: solid; border-color: #0728ab; text-align: center; vertical-align: middle;\" scope=\"row\"><strong><span style=\"font-size: 8pt;\"><a href=\"https:\/\/www.guarara.mg.gov.br\/wp\/wp-content\/uploads\/2024\/03\/Edital-1.pdf\">Edital<\/a><\/span><\/strong><\/th>\n<th style=\"width: 20.2372%; border-style: solid; border-color: #0728ab; text-align: center; vertical-align: middle;\" scope=\"row\"><span style=\"font-size: 8pt;\"><strong>08\/07\/2024<\/strong><\/span><\/th>\n<th style=\"width: 15.3586%; border-style: solid; border-color: #0728ab; text-align: center; vertical-align: middle;\" scope=\"row\"><span style=\"font-size: 8pt;\"><strong><a href=\"https:\/\/www.guarara.mg.gov.br\/wp\/wp-content\/uploads\/2024\/03\/Ata-Certame-5.pdf\">Ata Certame<\/a><\/strong><\/span><\/th>\n<th style=\"width: 31.6267%; border-style: solid; border-color: #0728ab; background-color: #f50f26; text-align: center; vertical-align: middle;\" colspan=\"3\" scope=\"row\"><\/th>\n<\/tr>\n<\/tbody>\n<\/table>\n<\/td>\n<\/tr>\n<tr style=\"height: 262px;\">\n<td style=\"width: 99.8758%; border-color: #000000; height: 262px;\"><strong>Processo n\u00ba 27\/2024\u00a0 \u00a0 \u00a0 \u00a0 \u00a0Dispensa n\u00ba 19\/2024\u00a0 \u00a0 \u00a0 \u00a0 \u00a0 \u00a0 \u00a0 \u00a0 \u00a0 \u00a0 \u00a0 \u00a0 \u00a0 \u00a0 \u00a0 \u00a0 \u00a0 \u00a0 \u00a0 \u00a0 \u00a0 \u00a0 \u00a0 \u00a0 \u00a0 \u00a0 \u00a0 \u00a0 \u00a0 \u00a0 \u00a0 \u00a0 \u00a0 \u00a0<span style=\"color: #ff0000;\">DESERTO<\/span><br \/>\nObjeto: <\/strong>Contrata\u00e7\u00e3o de empresa para o fornecimento de grama para revitaliza\u00e7\u00e3o da Pra\u00e7a Coronel Afonso Leite, conforme contrato Finisa-Caixa n\u00ba 0607772-023.<strong><br \/>\nData:\u00a0 <\/strong>23\/07\/2024.<\/p>\n<table style=\"width: 100%; border-collapse: collapse; line-height: 1; border-style: solid; border-color: #024096; height: 88px;\">\n<tbody>\n<tr style=\"height: 36px;\">\n<th style=\"width: 16.6455%; border-style: solid; border-color: #0e0af5; text-align: center; vertical-align: top; height: 33px;\" scope=\"row\"><span style=\"font-size: 10pt;\" data-wahfont=\"13\"><strong>T. R.<\/strong><\/span><\/th>\n<th style=\"width: 16.6455%; border-style: solid; border-color: #0e0af5; text-align: center; vertical-align: top; height: 33px;\" scope=\"row\"><span style=\"font-size: 10pt;\" data-wahfont=\"13\"><strong>Aviso<\/strong><\/span><\/th>\n<th style=\"width: 16.6455%; border-style: solid; border-color: #0e0af5; text-align: center; vertical-align: top; height: 33px;\" scope=\"row\"><span style=\"font-size: 10pt;\" data-wahfont=\"13\"><strong>Ata Certame<\/strong><\/span><\/th>\n<th style=\"width: 16.6455%; border-style: solid; border-color: #0e0af5; text-align: center; vertical-align: top; height: 33px;\" scope=\"row\"><span style=\"font-size: 10pt;\" data-wahfont=\"13\"><strong>Ratifica\u00e7\u00e3o<\/strong><\/span><\/th>\n<th style=\"width: 16.6455%; border-style: solid; border-color: #0e0af5; text-align: center; vertical-align: top; height: 33px;\" scope=\"row\"><span style=\"font-size: 10pt;\" data-wahfont=\"13\"><strong>Contrato\/Ata<\/strong><\/span><\/th>\n<th style=\"width: 16.6455%; border-style: solid; border-color: #0e0af5; text-align: center; vertical-align: top; height: 33px;\" scope=\"row\"><span style=\"font-size: 10pt;\" data-wahfont=\"13\"><strong>Publica\u00e7\u00e3o Contrato\/Ata<\/strong><\/span><\/th>\n<\/tr>\n<tr style=\"height: 55px;\">\n<th style=\"width: 16.6455%; border-style: solid; border-color: #052ca3; text-align: center; vertical-align: middle; height: 55px;\" scope=\"row\"><strong><span style=\"font-size: 8pt;\"><a href=\"https:\/\/www.guarara.mg.gov.br\/wp\/wp-content\/uploads\/2024\/03\/Termo-de-Referencia-7.pdf\">Termo de Referencia<\/a><\/span><\/strong><\/th>\n<th style=\"width: 16.6455%; border-style: solid; border-color: #052ca3; text-align: center; vertical-align: middle; height: 55px;\" scope=\"row\"><strong><span style=\"font-size: 8pt;\"><a href=\"https:\/\/www.guarara.mg.gov.br\/wp\/wp-content\/uploads\/2024\/03\/Aviso-Recebimento-de-Proposta-5.pdf\">Recebimento de Proposta<\/a><\/span><\/strong><\/th>\n<th style=\"width: 16.6455%; border-style: solid; border-color: #052ca3; text-align: center; vertical-align: middle; height: 55px;\" scope=\"row\"><a href=\"https:\/\/www.guarara.mg.gov.br\/wp\/wp-content\/uploads\/2024\/03\/Ata-Proposta-7.pdf\"><strong><span style=\"font-size: 8pt;\">Ata Proposta<\/span><\/strong><\/a><\/th>\n<th style=\"width: 16.6455%; border-style: solid; border-color: #052ca3; text-align: center; vertical-align: middle; height: 55px;\" scope=\"row\"><strong><span style=\"font-size: 8pt;\"><a href=\"https:\/\/www.guarara.mg.gov.br\/wp\/wp-content\/uploads\/2024\/03\/Ratificacao-11.pdf\">Ratifica\u00e7\u00e3o<\/a><\/span><\/strong><\/th>\n<th style=\"width: 16.6455%; border-style: solid; border-color: #052ca3; background-color: #d10404; text-align: center; vertical-align: middle; height: 55px;\" colspan=\"2\" scope=\"row\"><\/th>\n<\/tr>\n<\/tbody>\n<\/table>\n<\/td>\n<\/tr>\n<tr style=\"height: 290px;\">\n<td style=\"width: 99.8758%; border-color: #000000; height: 247px;\"><strong>Processo n\u00ba 28\/2024\u00a0 \u00a0 \u00a0 \u00a0 \u00a0Dispensa n\u00ba 10\/2024\u00a0 \u00a0 \u00a0 \u00a0 \u00a0 \u00a0 \u00a0 \u00a0 \u00a0 \u00a0 \u00a0 \u00a0 \u00a0 \u00a0 \u00a0 \u00a0 \u00a0 \u00a0 \u00a0 \u00a0 \u00a0 \u00a0 \u00a0 \u00a0 \u00a0 \u00a0 \u00a0 \u00a0 \u00a0 \u00a0 \u00a0 \u00a0<span style=\"color: #ff0000;\">FINALIZADO<\/span><br \/>\nObjeto: <\/strong>Contrata\u00e7\u00e3o de empresa para o fornecimento de grama para revitaliza\u00e7\u00e3o da Pra\u00e7a Coronel Afonso Leite, conforme contrato Finisa-Caixa n\u00ba 0607772-023.<strong><br \/>\nData:\u00a0 <\/strong>30\/07\/2024.<\/p>\n<table style=\"width: 100%; border-collapse: collapse; line-height: 1; border-style: solid; border-color: #03228a;\">\n<tbody>\n<tr style=\"height: 36px;\">\n<th style=\"width: 16.6455%; border-style: solid; border-color: #0e0af5; text-align: center; vertical-align: top; height: 33px;\" scope=\"row\"><span style=\"font-size: 10pt;\" data-wahfont=\"13\"><strong>T. R.<\/strong><\/span><\/th>\n<th style=\"width: 16.6455%; border-style: solid; border-color: #0e0af5; text-align: center; vertical-align: top; height: 33px;\" scope=\"row\"><span style=\"font-size: 10pt;\" data-wahfont=\"13\"><strong>Aviso<\/strong><\/span><\/th>\n<th style=\"width: 16.6455%; border-style: solid; border-color: #0e0af5; text-align: center; vertical-align: top; height: 33px;\" scope=\"row\"><span style=\"font-size: 10pt;\" data-wahfont=\"13\"><strong>Ata Certame<\/strong><\/span><\/th>\n<th style=\"width: 16.6455%; border-style: solid; border-color: #0e0af5; text-align: center; vertical-align: top; height: 33px;\" scope=\"row\"><span style=\"font-size: 10pt;\" data-wahfont=\"13\"><strong>Ratifica\u00e7\u00e3o<\/strong><\/span><\/th>\n<th style=\"width: 16.6455%; border-style: solid; border-color: #0e0af5; text-align: center; vertical-align: top; height: 33px;\" scope=\"row\"><span style=\"font-size: 10pt;\" data-wahfont=\"13\"><strong>Contrato\/Ata<\/strong><\/span><\/th>\n<th style=\"width: 16.6455%; border-style: solid; border-color: #0e0af5; text-align: center; vertical-align: top; height: 33px;\" scope=\"row\"><span style=\"font-size: 10pt;\" data-wahfont=\"13\"><strong>Publica\u00e7\u00e3o Contrato\/Ata<\/strong><\/span><\/th>\n<\/tr>\n<tr>\n<th style=\"width: 16.6455%; border-style: solid; border-color: #032699; text-align: center; vertical-align: middle;\" scope=\"row\"><strong><span style=\"font-size: 8pt;\"><a href=\"https:\/\/www.guarara.mg.gov.br\/wp\/wp-content\/uploads\/2024\/03\/Termo-de-Referencia-8.pdf\">Termo de Referencia<\/a><\/span><\/strong><\/th>\n<th style=\"width: 16.6455%; border-style: solid; border-color: #032699; text-align: center; vertical-align: middle;\" scope=\"row\"><strong><span style=\"font-size: 8pt;\"><a href=\"https:\/\/www.guarara.mg.gov.br\/wp\/wp-content\/uploads\/2024\/03\/Aviso-Recebimento-de-Proposta-6.pdf\">\u00a0Recebimento de Proposta<\/a><\/span><\/strong><\/th>\n<th style=\"width: 16.6455%; border-style: solid; border-color: #032699; text-align: center; vertical-align: middle;\" scope=\"row\"><strong><span style=\"font-size: 8pt;\"><a href=\"https:\/\/www.guarara.mg.gov.br\/wp\/wp-content\/uploads\/2024\/03\/Ata-Proposta-8.pdf\">Ata Proposta<\/a><\/span><\/strong><\/th>\n<th style=\"width: 16.6455%; border-style: solid; border-color: #032699; text-align: center; vertical-align: middle;\" scope=\"row\"><strong><span style=\"font-size: 8pt;\"><a href=\"https:\/\/www.guarara.mg.gov.br\/wp\/wp-content\/uploads\/2024\/03\/Ratificacao-12.pdf\">Ratifica\u00e7\u00e3o<\/a><\/span><\/strong><\/th>\n<th style=\"width: 16.6455%; border-style: solid; border-color: #032699; text-align: center; vertical-align: middle;\" scope=\"row\"><a href=\"https:\/\/www.guarara.mg.gov.br\/wp\/wp-content\/uploads\/2024\/03\/Extrato-Dispensa.pdf\"><strong><span style=\"font-size: 8pt;\">Extrato Dispensa<\/span><\/strong><\/a><\/th>\n<th style=\"width: 16.6455%; border-style: solid; border-color: #032699; text-align: center; vertical-align: middle;\" scope=\"row\"><strong><span style=\"font-size: 8pt;\"><a href=\"https:\/\/www.guarara.mg.gov.br\/wp\/wp-content\/uploads\/2024\/03\/AMM-10.pdf\">AMM<\/a> <\/span><\/strong><br \/>\n<strong><span style=\"font-size: 8pt;\"><a href=\"https:\/\/www.guarara.mg.gov.br\/wp\/wp-content\/uploads\/2024\/03\/DOU-11.pdf\">DOU<\/a> <\/span><\/strong><br \/>\n<strong><span style=\"font-size: 8pt;\"><a href=\"https:\/\/www.guarara.mg.gov.br\/wp\/wp-content\/uploads\/2024\/03\/DOE-13.pdf\">DOE<\/a><\/span><\/strong><\/th>\n<\/tr>\n<\/tbody>\n<\/table>\n<\/td>\n<\/tr>\n<tr style=\"height: 53px;\">\n<td style=\"width: 99.8758%; border-color: #000000; height: 53px;\"><strong>Processo n\u00ba 30\/2024\u00a0 \u00a0 \u00a0 \u00a0 \u00a0Dispensa n\u00ba 12\/2024\u00a0 \u00a0 \u00a0 \u00a0 \u00a0 \u00a0 \u00a0 \u00a0 \u00a0 \u00a0 \u00a0 \u00a0 \u00a0 \u00a0 \u00a0 \u00a0 \u00a0 \u00a0 \u00a0 \u00a0 \u00a0 \u00a0 \u00a0 \u00a0 \u00a0 \u00a0 \u00a0 \u00a0 \u00a0 \u00a0 \u00a0 \u00a0 \u00a0 <span style=\"color: #ff0000;\">DESERTO<\/span><br \/>\nObjeto: <\/strong>Contrata\u00e7\u00e3o de empresa para presta\u00e7\u00e3o de servi\u00e7o de Caminh\u00e3o Basculhante para a manuten\u00e7\u00e3o e conserva\u00e7\u00e3o das estradas vicinais pertencentes ao munic\u00edpio.<strong><br \/>\nData:\u00a0 <\/strong>05\/08\/2024.<\/p>\n<table style=\"width: 100%; border-collapse: collapse; line-height: 1; border-style: solid; border-color: #032c9e; height: 72px;\">\n<tbody>\n<tr style=\"height: 36px;\">\n<th style=\"width: 16.6455%; border-style: solid; border-color: #0e0af5; text-align: center; vertical-align: top; height: 33px;\" scope=\"row\"><span style=\"font-size: 10pt;\" data-wahfont=\"13\"><strong>T. R.<\/strong><\/span><\/th>\n<th style=\"width: 16.6455%; border-style: solid; border-color: #0e0af5; text-align: center; vertical-align: top; height: 33px;\" scope=\"row\"><span style=\"font-size: 10pt;\" data-wahfont=\"13\"><strong>Aviso<\/strong><\/span><\/th>\n<th style=\"width: 16.6455%; border-style: solid; border-color: #0e0af5; text-align: center; vertical-align: top; height: 33px;\" scope=\"row\"><span style=\"font-size: 10pt;\" data-wahfont=\"13\"><strong>Ata Certame<\/strong><\/span><\/th>\n<th style=\"width: 16.6455%; border-style: solid; border-color: #0e0af5; text-align: center; vertical-align: top; height: 33px;\" scope=\"row\"><span style=\"font-size: 10pt;\" data-wahfont=\"13\"><strong>Ratifica\u00e7\u00e3o<\/strong><\/span><\/th>\n<th style=\"width: 16.6455%; border-style: solid; border-color: #0e0af5; text-align: center; vertical-align: top; height: 33px;\" scope=\"row\"><span style=\"font-size: 10pt;\" data-wahfont=\"13\"><strong>Contrato\/Ata<\/strong><\/span><\/th>\n<th style=\"width: 16.6455%; border-style: solid; border-color: #0e0af5; text-align: center; vertical-align: top; height: 33px;\" scope=\"row\"><span style=\"font-size: 10pt;\" data-wahfont=\"13\"><strong>Publica\u00e7\u00e3o Contrato\/Ata<\/strong><\/span><\/th>\n<\/tr>\n<tr style=\"height: 39px;\">\n<th style=\"width: 16.6455%; border-style: solid; border-color: #030b9c; text-align: center; vertical-align: middle; height: 39px;\" scope=\"row\"><a href=\"https:\/\/www.guarara.mg.gov.br\/wp\/wp-content\/uploads\/2024\/03\/Termo-de-Referencia-9.pdf\"><span style=\"font-size: 8pt;\"><strong>Termo de Referencia<\/strong><\/span><\/a><\/th>\n<th style=\"width: 16.6455%; border-style: solid; border-color: #030b9c; text-align: center; vertical-align: middle; height: 39px;\" scope=\"row\"><strong><span style=\"font-size: 8pt;\"><a href=\"https:\/\/www.guarara.mg.gov.br\/wp\/wp-content\/uploads\/2024\/03\/Aviso-Recebimento-de-Proposta-7.pdf\">Recebimento de Proposta<\/a><\/span><\/strong><\/th>\n<th style=\"width: 16.6455%; border-style: solid; border-color: #030b9c; text-align: center; vertical-align: middle; height: 39px;\" scope=\"row\"><strong><span style=\"font-size: 8pt;\"><a href=\"https:\/\/www.guarara.mg.gov.br\/wp\/wp-content\/uploads\/2024\/03\/Ata-Proposta-9.pdf\">Ata Proposta<\/a><\/span><\/strong><\/th>\n<th style=\"width: 16.6455%; border-style: solid; border-color: #030b9c; text-align: center; vertical-align: middle; height: 39px;\" scope=\"row\"><strong><span style=\"font-size: 8pt;\"><a href=\"https:\/\/www.guarara.mg.gov.br\/wp\/wp-content\/uploads\/2024\/03\/Ratificacao-13.pdf\">Ratifica\u00e7\u00e3o<\/a><\/span><\/strong><\/th>\n<th style=\"width: 33.291%; border-style: solid; border-color: #030b9c; background-color: #e60505; text-align: center; vertical-align: middle; height: 39px;\" colspan=\"2\" scope=\"row\"><\/th>\n<\/tr>\n<\/tbody>\n<\/table>\n<\/td>\n<\/tr>\n<tr style=\"height: 336px;\">\n<td style=\"width: 99.8758%; border-color: #000000; text-align: left; height: 336px;\"><strong>Processo n\u00ba 31\/2024\u00a0 \u00a0 \u00a0 \u00a0 \u00a0 P.P n\u00ba 10\/2024\u00a0 \u00a0 \u00a0 \u00a0 \u00a0 \u00a0 \u00a0 \u00a0 \u00a0 \u00a0 \u00a0 \u00a0 \u00a0 \u00a0 \u00a0 \u00a0 \u00a0 \u00a0 \u00a0 \u00a0 \u00a0 \u00a0 \u00a0 \u00a0 \u00a0 \u00a0 \u00a0 \u00a0 \u00a0 \u00a0 \u00a0 \u00a0 \u00a0 \u00a0 \u00a0 \u00a0 \u00a0 <span style=\"color: #ff0000;\">FINALIZADO<\/span><br \/>\nObjeto: <\/strong>Contrata\u00e7\u00e3o de empresa especializada objetivando a administra\u00e7\u00e3o, organiza\u00e7\u00e3o e execu\u00e7\u00e3o e controle que viabilizem a realiza\u00e7\u00e3o da 6\u00aa Festa do Pe\u00e3o de Guarar\u00e1 2024, incluindo o fornecimento de toda a estrutura (arena, arquibancada, tendas e barracas), dos equipamentos (Ilumina\u00e7\u00e3o, sonoriza\u00e7\u00e3o, geradores e painel de led), disponibiliza\u00e7\u00e3o de animais (bois), disponibiliza\u00e7\u00e3o de profissionais (juiz, salva vidas, locutor de rodeio, locutor para os shows, pe\u00f5es profissionais, pessoal qualificado para montagem, desmontagem manuten\u00e7\u00e3o da estrutura, seguran\u00e7a e brigadista), sendo respons\u00e1vel pelo transporte e alimenta\u00e7\u00e3o dos animais, seguro de vida de todos os envolvidos e fornecimento de alimenta\u00e7\u00e3o, transporte e hospedagem dos artistas.<strong><br \/>\nData Abertura: <\/strong>16\/08\/2024.\u00a0<strong> \u00a0 \u00a0 \u00a0 \u00a0 \u00a0 \u00a0 \u00a0 \u00a0 \u00a0 \u00a0 \u00a0 Hora: <\/strong>09h30min.<\/p>\n<table style=\"width: 100%; border-collapse: collapse; line-height: 1; border-style: solid; border-color: #06389c; height: 76px;\">\n<tbody>\n<tr style=\"height: 39px;\">\n<th style=\"width: 5.04053%; text-align: center; vertical-align: middle; border-style: solid; border-color: #0a24f0; height: 39px;\" scope=\"row\"><span style=\"font-size: 10pt;\"><strong>Edital<\/strong><\/span><\/th>\n<th style=\"width: 20.4965%; text-align: center; vertical-align: middle; border-style: solid; border-color: #0a24f0; height: 39px;\" scope=\"row\"><span style=\"font-size: 10pt;\"><strong>Publica\u00e7\u00e3o Edital<\/strong><\/span><\/th>\n<th style=\"width: 15.7477%; text-align: center; vertical-align: middle; border-style: solid; border-color: #0a24f0; height: 39px;\" scope=\"row\"><span style=\"font-size: 10pt;\"><strong>Ata Certame<\/strong><\/span><\/th>\n<th style=\"width: 1.62078%; text-align: center; vertical-align: middle; border-style: solid; border-color: #0a24f0; height: 39px;\" scope=\"row\"><span style=\"font-size: 10pt;\"><strong>Homologa\u00e7\u00e3o<\/strong><\/span><\/th>\n<th style=\"width: 15.6395%; text-align: center; vertical-align: middle; border-style: solid; border-color: #0a24f0; height: 39px;\" scope=\"row\"><span style=\"font-size: 10pt;\"><strong>Contrato\u00a0<\/strong><\/span><\/th>\n<th style=\"width: 14.4961%; text-align: center; vertical-align: middle; border-style: solid; border-color: #0a24f0; height: 39px;\" scope=\"row\"><span style=\"font-size: 10pt;\"><strong>Publica\u00e7\u00e3o <\/strong><strong>Contrato<\/strong><\/span><\/th>\n<\/tr>\n<tr style=\"height: 37px;\">\n<th style=\"width: 5.04053%; border-style: solid; border-color: #032794; text-align: center; vertical-align: middle; height: 37px;\" scope=\"col\"><a href=\"https:\/\/www.guarara.mg.gov.br\/wp\/wp-content\/uploads\/2024\/03\/Edital-2.pdf\"><strong><span style=\"font-size: 8pt;\">Edital<\/span><\/strong><\/a><\/th>\n<th style=\"width: 20.4965%; border-style: solid; border-color: #032794; text-align: center; vertical-align: middle; height: 37px;\" scope=\"col\"><strong><span style=\"font-size: 8pt;\">02\/08\/2024<\/span><\/strong><\/th>\n<th style=\"width: 15.7477%; border-style: solid; border-color: #032794; text-align: center; vertical-align: middle; height: 37px;\" scope=\"col\"><strong><span style=\"font-size: 8pt;\"><a href=\"https:\/\/www.guarara.mg.gov.br\/wp\/wp-content\/uploads\/2024\/03\/Ata-Certame-6.pdf\">Ata Certame<\/a><\/span><\/strong><\/th>\n<th style=\"width: 1.62078%; border-style: solid; border-color: #032794; text-align: center; vertical-align: middle; height: 37px;\" scope=\"col\"><a href=\"https:\/\/www.guarara.mg.gov.br\/wp\/wp-content\/uploads\/2024\/03\/Homologacao-6.pdf\"><strong><span style=\"font-size: 8pt;\">Homologa\u00e7\u00e3o<\/span><\/strong><\/a><\/th>\n<th style=\"width: 15.6395%; border-style: solid; border-color: #032794; text-align: center; vertical-align: middle; height: 37px;\" scope=\"col\"><strong><span style=\"font-size: 8pt;\"><a href=\"https:\/\/www.guarara.mg.gov.br\/wp\/wp-content\/uploads\/2024\/03\/Contrato-CRD.pdf\">Contrato CRD<\/a><\/span><\/strong><\/th>\n<th style=\"width: 14.4961%; border-style: solid; border-color: #032794; text-align: center; vertical-align: middle; height: 37px;\" scope=\"col\"><strong><span style=\"font-size: 8pt;\"><a href=\"https:\/\/www.guarara.mg.gov.br\/wp\/wp-content\/uploads\/2024\/03\/AMM-10.pdf\">AMM<\/a> <\/span><\/strong><br \/>\n<strong><span style=\"font-size: 8pt;\"><a href=\"https:\/\/www.guarara.mg.gov.br\/wp\/wp-content\/uploads\/2024\/03\/DOU-11.pdf\">DOU<\/a> <\/span><\/strong><br \/>\n<strong><span style=\"font-size: 8pt;\"><a href=\"https:\/\/www.guarara.mg.gov.br\/wp\/wp-content\/uploads\/2024\/03\/DOE-13.pdf\">DOE<\/a><\/span><\/strong><\/th>\n<\/tr>\n<\/tbody>\n<\/table>\n<\/td>\n<\/tr>\n<tr style=\"height: 53px;\">\n<td style=\"width: 99.8758%; border-color: #000000; text-align: left; height: 53px;\"><strong> Processo n\u00ba 32\/2024\u00a0 \u00a0 \u00a0 \u00a0 \u00a0Dispensa n\u00ba 13\/2024\u00a0 \u00a0 \u00a0 \u00a0 \u00a0 \u00a0 \u00a0 \u00a0 \u00a0 \u00a0 \u00a0 \u00a0 \u00a0 \u00a0 \u00a0 \u00a0 \u00a0 \u00a0 \u00a0 \u00a0 \u00a0 \u00a0 \u00a0 \u00a0 \u00a0 \u00a0 \u00a0 \u00a0 \u00a0 \u00a0 \u00a0 \u00a0<span style=\"color: #ff0000;\">FINALIZADO<\/span><br \/>\nObjeto: <\/strong>Contrata\u00e7\u00e3o de empresa para presta\u00e7\u00e3o de servi\u00e7o de Caminh\u00e3o Basculhante para a manuten\u00e7\u00e3o e conserva\u00e7\u00e3o das estradas vicinais pertencentes ao munic\u00edpio.<strong><br \/>\nData:\u00a0 <\/strong>16\/08\/2024.<\/p>\n<table style=\"width: 100%; border-collapse: collapse; line-height: 1; border-style: solid; border-color: #061694;\">\n<tbody>\n<tr style=\"height: 36px;\">\n<th style=\"width: 16.6455%; border-style: solid; border-color: #0e0af5; text-align: center; vertical-align: top; height: 33px;\" scope=\"row\"><span style=\"font-size: 10pt;\" data-wahfont=\"13\"><strong>T. R.<\/strong><\/span><\/th>\n<th style=\"width: 16.6455%; border-style: solid; border-color: #0e0af5; text-align: center; vertical-align: top; height: 33px;\" scope=\"row\"><span style=\"font-size: 10pt;\" data-wahfont=\"13\"><strong>Aviso<\/strong><\/span><\/th>\n<th style=\"width: 16.6455%; border-style: solid; border-color: #0e0af5; text-align: center; vertical-align: top; height: 33px;\" scope=\"row\"><span style=\"font-size: 10pt;\" data-wahfont=\"13\"><strong>Ata Certame<\/strong><\/span><\/th>\n<th style=\"width: 15.2188%; border-style: solid; border-color: #0e0af5; text-align: center; vertical-align: top; height: 33px;\" scope=\"row\"><span style=\"font-size: 10pt;\" data-wahfont=\"13\"><strong>Ratifica\u00e7\u00e3o<\/strong><\/span><\/th>\n<th style=\"width: 17.6832%; border-style: solid; border-color: #0e0af5; text-align: center; vertical-align: top; height: 33px;\" scope=\"row\"><span style=\"font-size: 10pt;\" data-wahfont=\"13\"><strong>Contrato<\/strong><\/span><\/th>\n<th style=\"width: 17.0345%; border-style: solid; border-color: #0e0af5; text-align: center; vertical-align: top; height: 33px;\" scope=\"row\"><span style=\"font-size: 10pt;\" data-wahfont=\"13\"><strong>Publica\u00e7\u00e3o Contrato<\/strong><\/span><\/th>\n<\/tr>\n<tr>\n<th style=\"width: 16.6455%; border-style: solid; border-color: #0320a1; text-align: center; vertical-align: middle;\" scope=\"row\"><strong><span style=\"font-size: 8pt;\"><a href=\"https:\/\/www.guarara.mg.gov.br\/wp\/wp-content\/uploads\/2024\/03\/Termo-de-Referencia-10.pdf\">Termo de Referencia<\/a><\/span><\/strong><\/th>\n<th style=\"width: 16.6455%; border-style: solid; border-color: #0320a1; text-align: center; vertical-align: middle;\" scope=\"row\"><strong><span style=\"font-size: 8pt;\"><a href=\"https:\/\/www.guarara.mg.gov.br\/wp\/wp-content\/uploads\/2024\/03\/Aviso-Recebimento-de-Proposta-8.pdf\">Recebimento de Proposta<\/a><\/span><\/strong><\/th>\n<th style=\"width: 16.6455%; border-style: solid; border-color: #0320a1; text-align: center; vertical-align: middle;\" scope=\"row\"><strong><span style=\"font-size: 8pt;\"><a href=\"https:\/\/www.guarara.mg.gov.br\/wp\/wp-content\/uploads\/2024\/03\/Ata-Proposta-10.pdf\">Ata Proposta<\/a><\/span><\/strong><\/th>\n<th style=\"width: 15.2188%; border-style: solid; border-color: #0320a1; text-align: center; vertical-align: middle;\" scope=\"row\"><strong><span style=\"font-size: 8pt;\"><a href=\"https:\/\/www.guarara.mg.gov.br\/wp\/wp-content\/uploads\/2024\/03\/Ratificacao-14.pdf\">Ratifica\u00e7\u00e3o<\/a><\/span><\/strong><\/th>\n<th style=\"width: 17.6832%; border-style: solid; border-color: #0320a1; text-align: center; vertical-align: middle;\" scope=\"row\"><strong><span style=\"font-size: 8pt;\"><a href=\"https:\/\/www.guarara.mg.gov.br\/wp\/wp-content\/uploads\/2024\/03\/Contrato-Macter.pdf\">Contrato Macter<\/a><\/span><\/strong><\/th>\n<th style=\"width: 17.0345%; border-style: solid; border-color: #0320a1; text-align: center; vertical-align: middle;\" scope=\"row\"><strong><a href=\"https:\/\/www.guarara.mg.gov.br\/wp\/wp-content\/uploads\/2024\/03\/AMM-9.pdf\"><span style=\"font-size: 8pt;\">AMM<\/span><\/a><\/strong><br \/>\n<strong><span style=\"font-size: 8pt;\"><a href=\"https:\/\/www.guarara.mg.gov.br\/wp\/wp-content\/uploads\/2024\/03\/DOE-13.pdf\">DOE<\/a><\/span><\/strong><br \/>\n<strong><span style=\"font-size: 8pt;\"><a href=\"https:\/\/www.guarara.mg.gov.br\/wp\/wp-content\/uploads\/2024\/03\/DOU-11.pdf\">DOU<\/a><\/span><\/strong><\/th>\n<\/tr>\n<\/tbody>\n<\/table>\n<\/td>\n<\/tr>\n<tr>\n<td style=\"width: 99.8758%; border-color: #000000; text-align: left;\"><strong>Processo n\u00ba 33\/2024\u00a0 \u00a0 \u00a0 \u00a0 Dispensa n\u00ba 14\/2024\u00a0 \u00a0 Sistema de Registo de Pre\u00e7o\u00a0 \u00a0 \u00a0<span style=\"color: #ff0000;\">FINALIZADO<\/span><br \/>\nObjeto: <\/strong>Contrata\u00e7\u00e3o de servi\u00e7o de hidroterapia para pacientes com s\u00edndrome de down e\/ou doen\u00e7as neurol\u00f3gicas grave.<strong><br \/>\nData:\u00a0 <\/strong>21\/08\/2024.<\/p>\n<table style=\"width: 100%; border-collapse: collapse; line-height: 1; border-style: solid; border-color: #0317ad;\">\n<tbody>\n<tr style=\"height: 36px;\">\n<th style=\"width: 16.6455%; border-style: solid; border-color: #0e0af5; vertical-align: top; height: 33px; text-align: center;\" scope=\"row\"><span style=\"font-size: 10pt;\" data-wahfont=\"13\"><strong>T. R.<\/strong><\/span><\/th>\n<th style=\"width: 16.6455%; border-style: solid; border-color: #0e0af5; vertical-align: top; height: 33px; text-align: center;\" scope=\"row\"><span style=\"font-size: 10pt;\" data-wahfont=\"13\"><strong>Aviso<\/strong><\/span><\/th>\n<th style=\"width: 16.6455%; border-style: solid; border-color: #0e0af5; vertical-align: top; height: 33px; text-align: center;\" scope=\"row\"><span style=\"font-size: 10pt;\" data-wahfont=\"13\"><strong>Ata Certame<\/strong><\/span><\/th>\n<th style=\"width: 16.6455%; border-style: solid; border-color: #0e0af5; vertical-align: top; height: 33px; text-align: center;\" scope=\"row\"><span style=\"font-size: 10pt;\" data-wahfont=\"13\"><strong>Ratifica\u00e7\u00e3o<\/strong><\/span><\/th>\n<th style=\"width: 16.6455%; border-style: solid; border-color: #0e0af5; vertical-align: top; height: 33px; text-align: center;\" scope=\"row\"><span style=\"font-size: 10pt;\" data-wahfont=\"13\"><strong>Ata<\/strong><\/span><\/th>\n<th style=\"width: 16.6455%; border-style: solid; border-color: #0e0af5; vertical-align: top; height: 33px; text-align: center;\" scope=\"row\"><span style=\"font-size: 10pt;\" data-wahfont=\"13\"><strong>Publica\u00e7\u00e3o Ata<\/strong><\/span><\/th>\n<\/tr>\n<tr>\n<th style=\"width: 16.6455%; border-style: solid; border-color: #031996; text-align: center; vertical-align: middle;\" scope=\"row\"><a href=\"https:\/\/www.guarara.mg.gov.br\/wp\/wp-content\/uploads\/2024\/03\/Termo-de-Referencia-11.pdf\"><span style=\"font-size: 8pt;\"><strong>Termo<\/strong> de Referencia<\/span><\/a><\/th>\n<th style=\"width: 16.6455%; border-style: solid; border-color: #031996; text-align: center; vertical-align: middle;\" scope=\"row\"><strong><span style=\"font-size: 8pt;\"><a href=\"https:\/\/www.guarara.mg.gov.br\/wp\/wp-content\/uploads\/2024\/03\/Aviso-Recebimento-de-Proposta-9.pdf\">Recebimento de Proposta<\/a><\/span><\/strong><\/th>\n<th style=\"width: 16.6455%; border-style: solid; border-color: #031996; text-align: center; vertical-align: middle;\" scope=\"row\"><strong><span style=\"font-size: 8pt;\"><a href=\"https:\/\/www.guarara.mg.gov.br\/wp\/wp-content\/uploads\/2024\/03\/Ata-Proposta-11.pdf\">Ata Proposta<\/a><\/span><\/strong><\/th>\n<th style=\"width: 16.6455%; border-style: solid; border-color: #031996; text-align: center; vertical-align: middle;\" scope=\"row\"><strong><span style=\"font-size: 8pt;\"><a href=\"https:\/\/www.guarara.mg.gov.br\/wp\/wp-content\/uploads\/2024\/03\/Ratificacao-15.pdf\">Ratifica\u00e7\u00e3o<\/a><\/span><\/strong><\/th>\n<th style=\"width: 16.6455%; border-style: solid; border-color: #031996; text-align: center; vertical-align: middle;\" scope=\"row\"><strong><span style=\"font-size: 8pt;\"><a href=\"https:\/\/www.guarara.mg.gov.br\/wp\/wp-content\/uploads\/2024\/03\/Ata-de-Registro-Thatiana.pdf\">Ata de Registro Thatiana<\/a><\/span><\/strong><\/th>\n<th style=\"width: 16.6455%; border-style: solid; border-color: #031996; text-align: center; vertical-align: middle;\" scope=\"row\"><strong><span style=\"font-size: 8pt;\"><a href=\"https:\/\/www.guarara.mg.gov.br\/wp\/wp-content\/uploads\/2024\/03\/AMM-2-2.pdf\">AMM<\/a><\/span><\/strong><br \/>\n<strong><span style=\"font-size: 8pt;\"><a href=\"https:\/\/www.guarara.mg.gov.br\/wp\/wp-content\/uploads\/2024\/03\/DOU-1-1.pdf\">DOU<\/a><\/span><\/strong><br \/>\n<strong><span style=\"font-size: 8pt;\"><a href=\"https:\/\/www.guarara.mg.gov.br\/wp\/wp-content\/uploads\/2024\/03\/DOE-2-1.pdf\">DOE<\/a><\/span><\/strong><\/th>\n<\/tr>\n<\/tbody>\n<\/table>\n<\/td>\n<\/tr>\n<tr>\n<td style=\"width: 99.8758%; border-color: #000000; text-align: left;\"><strong>Processo n\u00ba 34\/2024\u00a0 \u00a0 \u00a0 \u00a0 Dispensa n\u00ba 15\/2024\u00a0 \u00a0 Sistema de Registo de Pre\u00e7o\u00a0 \u00a0 \u00a0<span style=\"color: #ff0000;\">FINALIZADO<\/span><br \/>\nObjeto: <\/strong>Aquisi\u00e7\u00f5es de material gr\u00e1fico para atender as necessidades das secretarias do munic\u00edpio.<strong><br \/>\nData:\u00a0 <\/strong>09\/09\/2024.<\/p>\n<table style=\"width: 100%; border-collapse: collapse; line-height: 1; border-style: solid; border-color: #0317ad;\">\n<tbody>\n<tr style=\"height: 36px;\">\n<th style=\"width: 16.6455%; border-style: solid; border-color: #0e0af5; vertical-align: top; height: 33px; text-align: center;\" scope=\"row\"><span style=\"font-size: 10pt;\" data-wahfont=\"13\"><strong>T. R.<\/strong><\/span><\/th>\n<th style=\"width: 16.6455%; border-style: solid; border-color: #0e0af5; vertical-align: top; height: 33px; text-align: center;\" scope=\"row\"><span style=\"font-size: 10pt;\" data-wahfont=\"13\"><strong>Aviso<\/strong><\/span><\/th>\n<th style=\"width: 16.6455%; border-style: solid; border-color: #0e0af5; vertical-align: top; height: 33px; text-align: center;\" scope=\"row\"><span style=\"font-size: 10pt;\" data-wahfont=\"13\"><strong>Ata Certame<\/strong><\/span><\/th>\n<th style=\"width: 16.6455%; border-style: solid; border-color: #0e0af5; vertical-align: top; height: 33px; text-align: center;\" scope=\"row\"><span style=\"font-size: 10pt;\" data-wahfont=\"13\"><strong>Ratifica\u00e7\u00e3o<\/strong><\/span><\/th>\n<th style=\"width: 16.6455%; border-style: solid; border-color: #0e0af5; vertical-align: top; height: 33px; text-align: center;\" scope=\"row\"><span style=\"font-size: 10pt;\" data-wahfont=\"13\"><strong>Ata<\/strong><\/span><\/th>\n<th style=\"width: 16.6455%; border-style: solid; border-color: #0e0af5; vertical-align: top; height: 33px; text-align: center;\" scope=\"row\"><span style=\"font-size: 10pt;\" data-wahfont=\"13\"><strong>Publica\u00e7\u00e3o Ata<\/strong><\/span><\/th>\n<\/tr>\n<tr>\n<th style=\"width: 16.6455%; border-style: solid; border-color: #031996; text-align: center; vertical-align: middle;\" scope=\"row\"><strong><span style=\"font-size: 8pt;\"><a href=\"https:\/\/www.guarara.mg.gov.br\/wp\/wp-content\/uploads\/2024\/03\/Termo-de-Referencia-12.pdf\">Termo de Referencia<\/a><\/span><\/strong><\/th>\n<th style=\"width: 16.6455%; border-style: solid; border-color: #031996; text-align: center; vertical-align: middle;\" scope=\"row\"><a href=\"https:\/\/www.guarara.mg.gov.br\/wp\/wp-content\/uploads\/2024\/03\/Aviso-Recebimento-de-Proposta-10.pdf\"><strong><span style=\"font-size: 8pt;\">Recebimento de Proposta<\/span><\/strong><\/a><\/th>\n<th style=\"width: 16.6455%; border-style: solid; border-color: #031996; text-align: center; vertical-align: middle;\" scope=\"row\"><a href=\"https:\/\/www.guarara.mg.gov.br\/wp\/wp-content\/uploads\/2024\/03\/Ata-Proposta-12.pdf\"><strong><span style=\"font-size: 8pt;\">Ata Proposta<\/span><\/strong><\/a><\/th>\n<th style=\"width: 16.6455%; border-style: solid; border-color: #031996; text-align: center; vertical-align: middle;\" scope=\"row\"><strong><span style=\"font-size: 8pt;\"><a href=\"https:\/\/www.guarara.mg.gov.br\/wp\/wp-content\/uploads\/2024\/03\/Ratificacao-16.pdf\">Ratifica\u00e7\u00e3o<\/a><\/span><\/strong><\/th>\n<th style=\"width: 16.6455%; border-style: solid; border-color: #031996; text-align: center; vertical-align: middle;\" scope=\"row\"><strong><span style=\"font-size: 8pt;\"><a href=\"https:\/\/www.guarara.mg.gov.br\/wp\/wp-content\/uploads\/2024\/03\/Ata-de-Registro-Giropel-2.pdf\">Ata de Registro Giropel<\/a><\/span><\/strong><\/th>\n<th style=\"width: 16.6455%; border-style: solid; border-color: #031996; text-align: center; vertical-align: middle;\" scope=\"row\"><strong><span style=\"font-size: 8pt;\"><a href=\"https:\/\/www.guarara.mg.gov.br\/wp\/wp-content\/uploads\/2024\/03\/AMM-2-2.pdf\">AMM<\/a><\/span><\/strong><br \/>\n<strong><span style=\"font-size: 8pt;\"><a href=\"https:\/\/www.guarara.mg.gov.br\/wp\/wp-content\/uploads\/2024\/03\/DOU-1-1.pdf\">DOU<\/a><\/span><\/strong><br \/>\n<strong><span style=\"font-size: 8pt;\"><a href=\"https:\/\/www.guarara.mg.gov.br\/wp\/wp-content\/uploads\/2024\/03\/DOE-2-1.pdf\">DOE<\/a><\/span><\/strong><\/th>\n<\/tr>\n<\/tbody>\n<\/table>\n<\/td>\n<\/tr>\n<tr style=\"height: 53px;\">\n<td style=\"width: 99.8758%; border-color: #000000; height: 53px;\"><strong>Processo n\u00ba 35\/2024\u00a0 \u00a0 \u00a0 \u00a0 \u00a0Dispensa n\u00ba 16\/2024\u00a0 \u00a0 \u00a0 \u00a0 \u00a0 \u00a0 \u00a0 \u00a0 \u00a0 \u00a0 \u00a0 \u00a0 \u00a0 \u00a0 \u00a0 \u00a0 \u00a0 \u00a0 \u00a0 \u00a0 \u00a0 \u00a0 \u00a0 \u00a0 \u00a0 \u00a0 \u00a0 \u00a0 \u00a0 \u00a0 \u00a0 \u00a0 \u00a0 \u00a0 \u00a0 \u00a0 \u00a0 <span style=\"color: #ff0000;\">DESERTO<\/span><br \/>\nObjeto:<\/strong>Contrata\u00e7\u00e3o de empresa para fornecimento e instala\u00e7\u00e3o de janelas para as casas populares constru\u00eddas no loteamento S\u00e3o Joaquim.<strong><br \/>\nData:\u00a0 <\/strong>16\/09\/2024.<\/p>\n<table style=\"width: 100%; border-collapse: collapse; line-height: 1; border-style: solid; border-color: #032c9e; height: 72px;\">\n<tbody>\n<tr style=\"height: 36px;\">\n<th style=\"width: 16.6455%; border-style: solid; border-color: #0e0af5; text-align: center; vertical-align: top; height: 33px;\" scope=\"row\"><span style=\"font-size: 10pt;\" data-wahfont=\"13\"><strong>T. R.<\/strong><\/span><\/th>\n<th style=\"width: 16.6455%; border-style: solid; border-color: #0e0af5; text-align: center; vertical-align: top; height: 33px;\" scope=\"row\"><span style=\"font-size: 10pt;\" data-wahfont=\"13\"><strong>Aviso<\/strong><\/span><\/th>\n<th style=\"width: 16.6455%; border-style: solid; border-color: #0e0af5; text-align: center; vertical-align: top; height: 33px;\" scope=\"row\"><span style=\"font-size: 10pt;\" data-wahfont=\"13\"><strong>Ata Certame<\/strong><\/span><\/th>\n<th style=\"width: 16.6455%; border-style: solid; border-color: #0e0af5; text-align: center; vertical-align: top; height: 33px;\" scope=\"row\"><span style=\"font-size: 10pt;\" data-wahfont=\"13\"><strong>Ratifica\u00e7\u00e3o<\/strong><\/span><\/th>\n<th style=\"width: 16.6455%; border-style: solid; border-color: #0e0af5; text-align: center; vertical-align: top; height: 33px;\" scope=\"row\"><span style=\"font-size: 10pt;\" data-wahfont=\"13\"><strong>Contrato\/Ata<\/strong><\/span><\/th>\n<th style=\"width: 16.6455%; border-style: solid; border-color: #0e0af5; text-align: center; vertical-align: top; height: 33px;\" scope=\"row\"><span style=\"font-size: 10pt;\" data-wahfont=\"13\"><strong>Publica\u00e7\u00e3o Contrato\/Ata<\/strong><\/span><\/th>\n<\/tr>\n<tr style=\"height: 39px;\">\n<th style=\"width: 16.6455%; border-style: solid; border-color: #030b9c; text-align: center; vertical-align: middle; height: 39px;\" scope=\"row\"><strong><span style=\"font-size: 8pt;\"><a href=\"https:\/\/www.guarara.mg.gov.br\/wp\/wp-content\/uploads\/2024\/03\/Termo-de-Referencia-14.pdf\">Termo de Referencia<\/a><\/span><\/strong><\/th>\n<th style=\"width: 16.6455%; border-style: solid; border-color: #030b9c; text-align: center; vertical-align: middle; height: 39px;\" scope=\"row\"><a href=\"https:\/\/www.guarara.mg.gov.br\/wp\/wp-content\/uploads\/2024\/03\/Aviso-Recebimento-de-Proposta-12.pdf\"><strong><span style=\"font-size: 8pt;\">Recebimento de Proposta<\/span><\/strong><\/a><\/th>\n<th style=\"width: 16.6455%; border-style: solid; border-color: #030b9c; text-align: center; vertical-align: middle; height: 39px;\" scope=\"row\"><strong><span style=\"font-size: 8pt;\"><a href=\"https:\/\/www.guarara.mg.gov.br\/wp\/wp-content\/uploads\/2024\/03\/Ata-Proposta-14.pdf\">Ata Proposta<\/a><\/span><\/strong><\/th>\n<th style=\"width: 16.6455%; border-style: solid; border-color: #030b9c; text-align: center; vertical-align: middle; height: 39px;\" scope=\"row\"><strong><span style=\"font-size: 8pt;\"><a href=\"https:\/\/www.guarara.mg.gov.br\/wp\/wp-content\/uploads\/2024\/03\/Ratificacao-18.pdf\">Ratifica\u00e7\u00e3o<\/a><\/span><\/strong><\/th>\n<th style=\"width: 33.291%; border-style: solid; border-color: #030b9c; background-color: #e60505; text-align: center; vertical-align: middle; height: 39px;\" colspan=\"2\" scope=\"row\"><\/th>\n<\/tr>\n<\/tbody>\n<\/table>\n<\/td>\n<\/tr>\n<tr style=\"height: 53px;\">\n<td style=\"width: 99.8758%; border-color: #000000; height: 53px;\"><strong>Processo n\u00ba 36\/2024\u00a0 \u00a0 \u00a0 \u00a0 Dispensa n\u00ba 17\/2024\u00a0 \u00a0 \u00a0Sistema de Registo de Pre\u00e7o\u00a0 \u00a0 \u00a0<span style=\"color: #ff0000;\">FRACASSADO<\/span><br \/>\nObjeto: <\/strong>Contrata\u00e7\u00e3o de empresa para o fornecimento de passes impressos para atender a Secretaria Assist\u00eancia Social.<strong><br \/>\nData:\u00a0 <\/strong>16\/09\/2024.<\/p>\n<table style=\"width: 100%; border-collapse: collapse; line-height: 1; border-style: solid; border-color: #032c9e; height: 72px;\">\n<tbody>\n<tr style=\"height: 36px;\">\n<th style=\"width: 16.6455%; border-style: solid; border-color: #0e0af5; text-align: center; vertical-align: top; height: 33px;\" scope=\"row\"><span style=\"font-size: 10pt;\" data-wahfont=\"13\"><strong>T. R.<\/strong><\/span><\/th>\n<th style=\"width: 16.6455%; border-style: solid; border-color: #0e0af5; text-align: center; vertical-align: top; height: 33px;\" scope=\"row\"><span style=\"font-size: 10pt;\" data-wahfont=\"13\"><strong>Aviso<\/strong><\/span><\/th>\n<th style=\"width: 16.6455%; border-style: solid; border-color: #0e0af5; text-align: center; vertical-align: top; height: 33px;\" scope=\"row\"><span style=\"font-size: 10pt;\" data-wahfont=\"13\"><strong>Ata Certame<\/strong><\/span><\/th>\n<th style=\"width: 16.6455%; border-style: solid; border-color: #0e0af5; text-align: center; vertical-align: top; height: 33px;\" scope=\"row\"><span style=\"font-size: 10pt;\" data-wahfont=\"13\"><strong>Ratifica\u00e7\u00e3o<\/strong><\/span><\/th>\n<th style=\"width: 16.6455%; border-style: solid; border-color: #0e0af5; text-align: center; vertical-align: top; height: 33px;\" scope=\"row\"><span style=\"font-size: 10pt;\" data-wahfont=\"13\"><strong>Contrato\/Ata<\/strong><\/span><\/th>\n<th style=\"width: 16.6455%; border-style: solid; border-color: #0e0af5; text-align: center; vertical-align: top; height: 33px;\" scope=\"row\"><span style=\"font-size: 10pt;\" data-wahfont=\"13\"><strong>Publica\u00e7\u00e3o Contrato\/Ata<\/strong><\/span><\/th>\n<\/tr>\n<tr style=\"height: 39px;\">\n<th style=\"width: 16.6455%; border-style: solid; border-color: #030b9c; text-align: center; vertical-align: middle; height: 39px;\" scope=\"row\"><a href=\"https:\/\/www.guarara.mg.gov.br\/wp\/wp-content\/uploads\/2024\/03\/Termo-de-Referencia-13.pdf\"><strong><span style=\"font-size: 8pt;\">Termo de Referencia<\/span><\/strong><\/a><\/th>\n<th style=\"width: 16.6455%; border-style: solid; border-color: #030b9c; text-align: center; vertical-align: middle; height: 39px;\" scope=\"row\"><a href=\"https:\/\/www.guarara.mg.gov.br\/wp\/wp-content\/uploads\/2024\/03\/Aviso-Recebimento-de-Proposta-11.pdf\"><strong><span style=\"font-size: 8pt;\">Recebimento de Proposta<\/span><\/strong><\/a><\/th>\n<th style=\"width: 16.6455%; border-style: solid; border-color: #030b9c; text-align: center; vertical-align: middle; height: 39px;\" scope=\"row\"><strong><span style=\"font-size: 8pt;\"><a href=\"https:\/\/www.guarara.mg.gov.br\/wp\/wp-content\/uploads\/2024\/03\/Ata-Proposta-13.pdf\">Ata Proposta<\/a><\/span><\/strong><\/th>\n<th style=\"width: 16.6455%; border-style: solid; border-color: #030b9c; text-align: center; vertical-align: middle; height: 39px;\" scope=\"row\"><strong><span style=\"font-size: 8pt;\"><a href=\"https:\/\/www.guarara.mg.gov.br\/wp\/wp-content\/uploads\/2024\/03\/Ratificacao-17.pdf\">Ratifica\u00e7\u00e3o<\/a><\/span><\/strong><\/th>\n<th style=\"width: 33.291%; border-style: solid; border-color: #030b9c; background-color: #e60505; text-align: center; vertical-align: middle; height: 39px;\" colspan=\"2\" scope=\"row\"><\/th>\n<\/tr>\n<\/tbody>\n<\/table>\n<\/td>\n<\/tr>\n<tr>\n<td style=\"width: 99.8758%; border-color: #000000; text-align: left;\"><strong>Processo n\u00ba 37\/2024\u00a0 \u00a0 \u00a0 \u00a0 \u00a0 P.P n\u00ba 11\/2024\u00a0 \u00a0 \u00a0 \u00a0 \u00a0 \u00a0Sistema de Registo de Pre\u00e7o\u00a0 \u00a0 \u00a0 \u00a0 \u00a0 <span style=\"color: #ff0000;\">FINALIZADO<\/span><br \/>\nObjeto: <\/strong>Contrata\u00e7\u00e3o de empresa para o fornecimento de madeira.<strong><br \/>\nData Abertura: <\/strong>25\/09\/2024.\u00a0 \u00a0 \u00a0<strong> \u00a0 \u00a0 \u00a0 \u00a0 \u00a0 \u00a0 \u00a0 \u00a0 \u00a0 Hora: <\/strong>09h30min.<\/p>\n<table style=\"width: 100%; border-collapse: collapse; line-height: 1; border-style: solid; border-color: #050fa3; height: 117px;\">\n<tbody>\n<tr style=\"height: 39px;\">\n<th style=\"width: 5.04053%; text-align: center; vertical-align: middle; border-style: solid; border-color: #0a24f0; height: 39px;\" scope=\"row\"><span style=\"font-size: 10pt;\"><strong>Edital<\/strong><\/span><\/th>\n<th style=\"width: 20.4965%; text-align: center; vertical-align: middle; border-style: solid; border-color: #0a24f0; height: 39px;\" scope=\"row\"><span style=\"font-size: 10pt;\"><strong>Publica\u00e7\u00e3o Edital<\/strong><\/span><\/th>\n<th style=\"width: 15.7477%; text-align: center; vertical-align: middle; border-style: solid; border-color: #0a24f0; height: 39px;\" scope=\"row\"><span style=\"font-size: 10pt;\"><strong>Ata Certame<\/strong><\/span><\/th>\n<th style=\"width: 1.62078%; text-align: center; vertical-align: middle; border-style: solid; border-color: #0a24f0; height: 39px;\" scope=\"row\"><span style=\"font-size: 10pt;\"><strong>Homologa\u00e7\u00e3o<\/strong><\/span><\/th>\n<th style=\"width: 14.2128%; text-align: center; vertical-align: middle; border-style: solid; border-color: #0a24f0; height: 39px;\" scope=\"row\"><span style=\"font-size: 10pt;\"><strong>Ata\u00a0<\/strong><\/span><\/th>\n<th style=\"width: 15.9228%; text-align: center; vertical-align: middle; border-style: solid; border-color: #0a24f0; height: 39px;\" scope=\"row\"><span style=\"font-size: 10pt;\"><strong>Publica\u00e7\u00e3o <\/strong><strong>Ata<\/strong><\/span><\/th>\n<\/tr>\n<tr style=\"height: 39px;\">\n<th style=\"width: 5.04053%; border-style: solid; border-color: #052296; text-align: center; vertical-align: middle; height: 39px;\" scope=\"row\"><strong><span style=\"font-size: 8pt;\"><a href=\"https:\/\/www.guarara.mg.gov.br\/wp\/wp-content\/uploads\/2024\/03\/06-EditalCompleto-Madeira-1.docx\">Edital<\/a><\/span><\/strong><\/th>\n<th style=\"width: 20.4965%; border-style: solid; border-color: #052296; text-align: center; vertical-align: middle; height: 39px;\" scope=\"row\"><strong><span style=\"font-size: 8pt;\">10\/09\/2024<\/span><\/strong><\/th>\n<th style=\"width: 15.7477%; border-style: solid; border-color: #052296; text-align: center; vertical-align: middle; height: 39px;\" scope=\"row\"><strong><span style=\"font-size: 8pt;\"><a href=\"https:\/\/www.guarara.mg.gov.br\/wp\/wp-content\/uploads\/2024\/03\/Ata-Certame-8.pdf\">Ata Certame<\/a><\/span><\/strong><\/th>\n<th style=\"width: 1.62078%; border-style: solid; border-color: #052296; text-align: center; vertical-align: middle; height: 39px;\" scope=\"row\"><strong><span style=\"font-size: 8pt;\"><a href=\"https:\/\/www.guarara.mg.gov.br\/wp\/wp-content\/uploads\/2024\/03\/Homologacao-8.pdf\">Homologa\u00e7\u00e3o<\/a><\/span><\/strong><\/th>\n<th style=\"width: 14.2128%; border-style: solid; border-color: #052296; text-align: center; vertical-align: middle; height: 39px;\" scope=\"row\"><strong><span style=\"font-size: 8pt;\"><a href=\"https:\/\/www.guarara.mg.gov.br\/wp\/wp-content\/uploads\/2024\/03\/Ata-de-Registro-E.-Cazarim.pdf\">Ata de Registro E. Cazarim<\/a><\/span><\/strong><\/th>\n<th style=\"width: 15.9228%; border-style: solid; border-color: #052296; text-align: center; vertical-align: middle; height: 39px;\" scope=\"row\"><strong><span style=\"font-size: 8pt;\"><a href=\"https:\/\/www.guarara.mg.gov.br\/wp\/wp-content\/uploads\/2024\/03\/AMM-13.pdf\">AMM<\/a> <\/span><\/strong><br \/>\n<strong><span style=\"font-size: 8pt;\"><a href=\"https:\/\/www.guarara.mg.gov.br\/wp\/wp-content\/uploads\/2024\/03\/DOE-14.pdf\">DOE<\/a> <\/span><\/strong><br \/>\n<strong><span style=\"font-size: 8pt;\"><a href=\"https:\/\/www.guarara.mg.gov.br\/wp\/wp-content\/uploads\/2024\/03\/DOU-12.pdf\">DOU<\/a><\/span><\/strong><\/th>\n<\/tr>\n<tr style=\"height: 39px;\">\n<th style=\"width: 73.0411%; border-style: solid; border-color: #052296; vertical-align: middle; height: 39px;\" colspan=\"6\" scope=\"row\"><span style=\"color: #0000ff;\"><strong><a style=\"color: #0000ff; text-decoration: underline;\" href=\"https:\/\/www.guarara.mg.gov.br\/wp\/wp-content\/uploads\/2024\/03\/Arquivo_Proposta_Digital_Itens_Processo_37-2024.xlsx\">Arquivo_Proposta_Digital_Itens_Processo_37-2024<\/a>\u00a0 \u00a0 \u00a0 \u00a0 \u00a0\u00a0<\/strong><\/span><\/th>\n<\/tr>\n<\/tbody>\n<\/table>\n<p><span style=\"font-size: 10pt;\"><strong><span style=\"color: #ff0000;\">Importante: N\u00e3o esquecer de realizar o download da Proposta Digital e trazer no dia do certame.<\/span><\/strong><\/span><\/td>\n<\/tr>\n<tr>\n<td style=\"width: 99.8758%; border-color: #000000; text-align: left;\"><strong>Processo n\u00ba 38\/2024\u00a0 \u00a0 \u00a0 \u00a0 \u00a0 P.E n\u00ba 1\/2024\u00a0 \u00a0 \u00a0 \u00a0 \u00a0 \u00a0Sistema de Registo de Pre\u00e7o\u00a0 \u00a0 \u00a0 <span style=\"color: #ff0000;\">\u00a0 \u00a0FINALIZADO<\/span><br \/>\nObjeto: <\/strong>Aquisi\u00e7\u00e3o de artefatos de concreto com a finalidade atender as necessidades do Munic\u00edpio.<strong><br \/>\nData Abertura: <\/strong>25\/09\/2024.\u00a0<strong> \u00a0 \u00a0 \u00a0 \u00a0 \u00a0 \u00a0 \u00a0 \u00a0 \u00a0 Hora: <\/strong>11h30min.<br \/>\n<strong>Local da Sess\u00e3o P\u00fablica:<\/strong> Plataforma: <a href=\"https:\/\/bll.org.br\">bll.org.br<\/a><\/p>\n<table style=\"width: 100%; border-collapse: collapse; line-height: 1; border-style: solid; border-color: #063394;\">\n<tbody>\n<tr style=\"height: 39px;\">\n<th style=\"width: 5.04053%; text-align: center; vertical-align: middle; border-style: solid; border-color: #0a24f0; height: 39px;\" scope=\"row\"><span style=\"font-size: 10pt;\"><strong>Edital<\/strong><\/span><\/th>\n<th style=\"width: 20.4965%; text-align: center; vertical-align: middle; border-style: solid; border-color: #0a24f0; height: 39px;\" scope=\"row\"><span style=\"font-size: 10pt;\"><strong>Publica\u00e7\u00e3o Edital<\/strong><\/span><\/th>\n<th style=\"width: 15.7477%; text-align: center; vertical-align: middle; border-style: solid; border-color: #0a24f0; height: 39px;\" scope=\"row\"><span style=\"font-size: 10pt;\"><strong>Ata Certame<\/strong><\/span><\/th>\n<th style=\"width: 1.62078%; text-align: center; vertical-align: middle; border-style: solid; border-color: #0a24f0; height: 39px;\" scope=\"row\"><span style=\"font-size: 10pt;\"><strong>Homologa\u00e7\u00e3o<\/strong><\/span><\/th>\n<th style=\"width: 15.6395%; text-align: center; vertical-align: middle; border-style: solid; border-color: #0a24f0; height: 39px;\" scope=\"row\"><span style=\"font-size: 10pt;\"><strong>Ata\u00a0<\/strong><\/span><\/th>\n<th style=\"width: 14.4961%; text-align: center; vertical-align: middle; border-style: solid; border-color: #0a24f0; height: 39px;\" scope=\"row\"><span style=\"font-size: 10pt;\"><strong>Publica\u00e7\u00e3o <\/strong><strong>Ata<\/strong><\/span><\/th>\n<\/tr>\n<tr>\n<th style=\"width: 5.04053%; border-style: solid; border-color: #03138f; text-align: center; vertical-align: middle;\" scope=\"row\"><strong><span style=\"font-size: 8pt;\"><a href=\"https:\/\/www.guarara.mg.gov.br\/wp\/wp-content\/uploads\/2024\/03\/06-EditalCompleto-Artefatos.docx\">Edital<\/a><\/span><\/strong><\/th>\n<th style=\"width: 20.4965%; border-style: solid; border-color: #03138f; text-align: center; vertical-align: middle;\" scope=\"row\"><strong><span style=\"font-size: 8pt;\">10\/09\/2024<\/span><\/strong><\/th>\n<th style=\"width: 15.7477%; border-style: solid; border-color: #03138f; text-align: center; vertical-align: middle;\" scope=\"row\"><strong><span style=\"font-size: 8pt;\"><a href=\"https:\/\/www.guarara.mg.gov.br\/wp\/wp-content\/uploads\/2024\/03\/Ata-Certame-9.pdf\">Ata Certame<\/a><\/span><\/strong><br \/>\n<strong><span style=\"font-size: 8pt;\"><a href=\"https:\/\/www.guarara.mg.gov.br\/wp\/wp-content\/uploads\/2024\/03\/Ata-Final.pdf\">Ata Final<\/a><\/span><\/strong><\/th>\n<th style=\"width: 1.62078%; border-style: solid; border-color: #03138f; text-align: center; vertical-align: middle;\" scope=\"row\"><strong><span style=\"font-size: 8pt;\"><a href=\"https:\/\/www.guarara.mg.gov.br\/wp\/wp-content\/uploads\/2024\/03\/Homologacao-9.pdf\">Homologa\u00e7\u00e3o<\/a><\/span><\/strong><\/th>\n<th style=\"width: 15.6395%; border-style: solid; border-color: #03138f; text-align: center; vertical-align: middle;\" scope=\"row\"><strong><span style=\"font-size: 8pt;\"><a href=\"https:\/\/www.guarara.mg.gov.br\/wp\/wp-content\/uploads\/2024\/03\/Ata-de-Registro-Milho-Branco.pdf\">Ata de Registro Milho Branco<\/a><\/span><\/strong><br \/>\n<strong><span style=\"font-size: 8pt;\"><a href=\"https:\/\/www.guarara.mg.gov.br\/wp\/wp-content\/uploads\/2024\/03\/Ata-de-Registro-Laramix.pdf\">Ata de Registro Laramix<\/a><\/span><\/strong><\/th>\n<th style=\"width: 14.4961%; border-style: solid; border-color: #03138f; text-align: center; vertical-align: middle;\" scope=\"row\"><\/th>\n<\/tr>\n<\/tbody>\n<\/table>\n<\/td>\n<\/tr>\n<tr>\n<td style=\"width: 99.8758%; border-color: #000000; text-align: left;\"><strong><strong>Processo n\u00ba 39\/2024\u00a0 \u00a0 \u00a0 \u00a0 \u00a0 P.E n\u00ba 2\/2024\u00a0 \u00a0 \u00a0 \u00a0 \u00a0 \u00a0 \u00a0 \u00a0 \u00a0 \u00a0 \u00a0 \u00a0 \u00a0 \u00a0 \u00a0 \u00a0 \u00a0 \u00a0 \u00a0 \u00a0 \u00a0 \u00a0 \u00a0 \u00a0 \u00a0 \u00a0 \u00a0 \u00a0 \u00a0 \u00a0 \u00a0 \u00a0 \u00a0 \u00a0 \u00a0 \u00a0 \u00a0 \u00a0<span style=\"color: #ff0000;\"> FINALIZADO<\/span><br \/>\nObjeto: <\/strong><\/strong>Aquisi\u00e7\u00e3o de 01 Van com Acessibilidade 0km conforme resolu\u00e7\u00e3o SES 9.428\/2024.<strong><strong><br \/>\n<\/strong><\/strong><strong>Data Abertura: <\/strong>27\/09\/2024.\u00a0<strong> \u00a0 \u00a0 \u00a0 \u00a0 \u00a0 \u00a0 \u00a0 \u00a0 \u00a0 Hora: <\/strong>09h30min.<br \/>\n<strong>Local da Sess\u00e3o P\u00fablica:<\/strong> Plataforma: <a href=\"https:\/\/bll.org.br\">bll.org.br<\/a><\/p>\n<table style=\"width: 100%; border-collapse: collapse; line-height: 1; border-style: solid; border-color: #063394;\">\n<tbody>\n<tr style=\"height: 39px;\">\n<th style=\"width: 5.04053%; text-align: center; vertical-align: middle; border-style: solid; border-color: #0a24f0; height: 39px;\" scope=\"row\"><span style=\"font-size: 10pt;\"><strong>Edital<\/strong><\/span><\/th>\n<th style=\"width: 20.4965%; text-align: center; vertical-align: middle; border-style: solid; border-color: #0a24f0; height: 39px;\" scope=\"row\"><span style=\"font-size: 10pt;\"><strong>Publica\u00e7\u00e3o Edital<\/strong><\/span><\/th>\n<th style=\"width: 15.7477%; text-align: center; vertical-align: middle; border-style: solid; border-color: #0a24f0; height: 39px;\" scope=\"row\"><span style=\"font-size: 10pt;\"><strong>Ata Certame<\/strong><\/span><\/th>\n<th style=\"width: 1.62078%; text-align: center; vertical-align: middle; border-style: solid; border-color: #0a24f0; height: 39px;\" scope=\"row\"><span style=\"font-size: 10pt;\"><strong>Homologa\u00e7\u00e3o<\/strong><\/span><\/th>\n<th style=\"width: 15.6395%; text-align: center; vertical-align: middle; border-style: solid; border-color: #0a24f0; height: 39px;\" scope=\"row\"><span style=\"font-size: 10pt;\"><strong>Contrato<\/strong><\/span><\/th>\n<th style=\"width: 14.4961%; text-align: center; vertical-align: middle; border-style: solid; border-color: #0a24f0; height: 39px;\" scope=\"row\"><span style=\"font-size: 10pt;\"><strong>Publica\u00e7\u00e3o <\/strong><strong>Contrato<\/strong><\/span><\/th>\n<\/tr>\n<tr>\n<th style=\"width: 5.04053%; border-style: solid; border-color: #03138f; text-align: center; vertical-align: middle;\" scope=\"row\"><strong><span style=\"font-size: 8pt;\"><a href=\"https:\/\/www.guarara.mg.gov.br\/wp\/wp-content\/uploads\/2024\/03\/07-EditalCompleto-Van.docx\">Edital<\/a><\/span><\/strong><\/th>\n<th style=\"width: 20.4965%; border-style: solid; border-color: #03138f; text-align: center; vertical-align: middle;\" scope=\"row\"><strong><span style=\"font-size: 8pt;\">12\/09\/2024<\/span><\/strong><\/th>\n<th style=\"width: 15.7477%; border-style: solid; border-color: #03138f; text-align: center; vertical-align: middle;\" scope=\"row\"><strong><span style=\"font-size: 8pt;\"><a href=\"https:\/\/www.guarara.mg.gov.br\/wp\/wp-content\/uploads\/2024\/03\/Ata-Certame-7.pdf\">Ata Certame<\/a><\/span><\/strong><\/th>\n<th style=\"width: 1.62078%; border-style: solid; border-color: #03138f; text-align: center; vertical-align: middle;\" scope=\"row\"><strong><span style=\"font-size: 8pt;\"><a href=\"https:\/\/www.guarara.mg.gov.br\/wp\/wp-content\/uploads\/2024\/03\/Homologacao-7.pdf\">Homologa\u00e7\u00e3o<\/a><\/span><\/strong><\/th>\n<th style=\"width: 15.6395%; border-style: solid; border-color: #03138f; text-align: center; vertical-align: middle;\" scope=\"row\"><strong><span style=\"font-size: 8pt;\"><a href=\"https:\/\/www.guarara.mg.gov.br\/wp\/wp-content\/uploads\/2024\/03\/Contrato-Camminare.pdf\">Contrato Camminare<\/a><\/span><\/strong><\/th>\n<th style=\"width: 14.4961%; border-style: solid; border-color: #03138f; text-align: center; vertical-align: middle;\" scope=\"row\"><strong><span style=\"font-size: 8pt;\"><a href=\"https:\/\/www.guarara.mg.gov.br\/wp\/wp-content\/uploads\/2024\/03\/AMM-13.pdf\">AMM<\/a> <\/span><\/strong><br \/>\n<strong><span style=\"font-size: 8pt;\"><a href=\"https:\/\/www.guarara.mg.gov.br\/wp\/wp-content\/uploads\/2024\/03\/DOE-14.pdf\">DOE<\/a> <\/span><\/strong><br \/>\n<strong><span style=\"font-size: 8pt;\"><a href=\"https:\/\/www.guarara.mg.gov.br\/wp\/wp-content\/uploads\/2024\/03\/DOU-12.pdf\">DOU<\/a><\/span><\/strong><\/th>\n<\/tr>\n<\/tbody>\n<\/table>\n<\/td>\n<\/tr>\n<tr>\n<td style=\"width: 99.8758%; border-color: #000000; text-align: left;\"><strong><strong>Processo n\u00ba 40\/2024\u00a0 \u00a0 \u00a0 \u00a0 Dispensa n\u00ba 18\/2024\u00a0 \u00a0 \u00a0 \u00a0 \u00a0 \u00a0 \u00a0 \u00a0 \u00a0 \u00a0 \u00a0 \u00a0 \u00a0 \u00a0 \u00a0 \u00a0 \u00a0 \u00a0 \u00a0 \u00a0 \u00a0 \u00a0 \u00a0 \u00a0 \u00a0 \u00a0 \u00a0 \u00a0 \u00a0 \u00a0 \u00a0 <span style=\"color: #ff0000;\">FINALIZADO<\/span><br \/>\nObjeto: <\/strong><\/strong>Contrata\u00e7\u00e3o de empresa para fornecimento e instala\u00e7\u00e3o de janelas para as casas populares constru\u00eddas no loteamento S\u00e3o Joaquim.<strong><strong><br \/>\nData:\u00a0 <\/strong><\/strong>20<strong><strong>\/<\/strong><\/strong>09\/2024.<\/p>\n<table style=\"width: 100%; border-collapse: collapse; line-height: 1; border-style: solid; border-color: #031a99;\">\n<tbody>\n<tr style=\"height: 36px;\">\n<th style=\"width: 16.6455%; border-style: solid; border-color: #0e0af5; text-align: center; vertical-align: top; height: 33px;\" scope=\"row\"><span style=\"font-size: 10pt;\" data-wahfont=\"13\"><strong>T. R.<\/strong><\/span><\/th>\n<th style=\"width: 16.6455%; border-style: solid; border-color: #0e0af5; text-align: center; vertical-align: top; height: 33px;\" scope=\"row\"><span style=\"font-size: 10pt;\" data-wahfont=\"13\"><strong>Aviso<\/strong><\/span><\/th>\n<th style=\"width: 16.6455%; border-style: solid; border-color: #0e0af5; text-align: center; vertical-align: top; height: 33px;\" scope=\"row\"><span style=\"font-size: 10pt;\" data-wahfont=\"13\"><strong>Ata Certame<\/strong><\/span><\/th>\n<th style=\"width: 16.6455%; border-style: solid; border-color: #0e0af5; text-align: center; vertical-align: top; height: 33px;\" scope=\"row\"><span style=\"font-size: 10pt;\" data-wahfont=\"13\"><strong>Ratifica\u00e7\u00e3o<\/strong><\/span><\/th>\n<th style=\"width: 16.6455%; border-style: solid; border-color: #0e0af5; text-align: center; vertical-align: top; height: 33px;\" scope=\"row\"><span style=\"font-size: 10pt;\" data-wahfont=\"13\"><strong>Contrato<\/strong><\/span><\/th>\n<th style=\"width: 16.6455%; border-style: solid; border-color: #0e0af5; text-align: center; vertical-align: top; height: 33px;\" scope=\"row\"><span style=\"font-size: 10pt;\" data-wahfont=\"13\"><strong>Publica\u00e7\u00e3o Contrato<\/strong><\/span><\/th>\n<\/tr>\n<tr>\n<th style=\"width: 16.6455%; border-style: solid; border-color: #08149e; text-align: center; vertical-align: middle;\" scope=\"row\"><strong><span style=\"font-size: 8pt;\"><a href=\"https:\/\/www.guarara.mg.gov.br\/wp\/wp-content\/uploads\/2024\/03\/Termo-de-Referencia-15.pdf\">Termo de Referencia<\/a><\/span><\/strong><\/th>\n<th style=\"width: 16.6455%; border-style: solid; border-color: #08149e; text-align: center; vertical-align: middle;\" scope=\"row\"><span style=\"font-size: 8pt;\"><strong><a href=\"https:\/\/www.guarara.mg.gov.br\/wp\/wp-content\/uploads\/2024\/03\/Aviso-Recebimento-de-Proposta-13.pdf\">Recebimento de Proposta<\/a><\/strong><\/span><\/th>\n<th style=\"width: 16.6455%; border-style: solid; border-color: #08149e; text-align: center; vertical-align: middle;\" scope=\"row\"><strong><span style=\"font-size: 8pt;\"><a href=\"https:\/\/www.guarara.mg.gov.br\/wp\/wp-content\/uploads\/2024\/03\/Ata-Proposta-15.pdf\">Ata Proposta<\/a><\/span><\/strong><\/th>\n<th style=\"width: 16.6455%; border-style: solid; border-color: #08149e; text-align: center; vertical-align: middle;\" scope=\"row\"><a href=\"https:\/\/www.guarara.mg.gov.br\/wp\/wp-content\/uploads\/2024\/03\/Ratificacao-19.pdf\"><span style=\"font-size: 8pt;\"><strong>Ratifica\u00e7\u00e3o<\/strong><\/span><\/a><\/th>\n<th style=\"width: 16.6455%; border-style: solid; border-color: #08149e; text-align: center; vertical-align: middle;\" scope=\"row\"><strong><span style=\"font-size: 8pt;\"><a href=\"https:\/\/www.guarara.mg.gov.br\/wp\/wp-content\/uploads\/2024\/03\/Contrato-Casa-Nova.pdf\">Contrato Casa Nova<\/a><\/span><\/strong><\/th>\n<th style=\"width: 16.6455%; border-style: solid; border-color: #08149e; text-align: center; vertical-align: middle;\" scope=\"row\"><strong><span style=\"font-size: 8pt;\"><a href=\"https:\/\/www.guarara.mg.gov.br\/wp\/wp-content\/uploads\/2024\/03\/AMM-13.pdf\">AMM<\/a> <\/span><\/strong><br \/>\n<strong><span style=\"font-size: 8pt;\"><a href=\"https:\/\/www.guarara.mg.gov.br\/wp\/wp-content\/uploads\/2024\/03\/DOE-14.pdf\">DOE<\/a> <\/span><\/strong><br \/>\n<strong><span style=\"font-size: 8pt;\"><a href=\"https:\/\/www.guarara.mg.gov.br\/wp\/wp-content\/uploads\/2024\/03\/DOU-12.pdf\">DOU<\/a><\/span><\/strong><\/th>\n<\/tr>\n<\/tbody>\n<\/table>\n<\/td>\n<\/tr>\n<tr>\n<td style=\"width: 99.8758%; border-color: #000000; text-align: left;\"><strong><strong>Processo n\u00ba 41\/2024\u00a0 \u00a0 \u00a0 \u00a0 Dispensa n\u00ba 19\/2024\u00a0 Sistema de Registo de Pre\u00e7o\u00a0 \u00a0<span style=\"color: #ff0000;\">FINALIZADO<\/span><br \/>\nObjeto: <\/strong><\/strong>Contrata\u00e7\u00e3o de empresa para o fornecimento de passes impressos para atender a Secretaria Assist\u00eancia Social.<strong><strong><br \/>\nData:\u00a0 <\/strong><\/strong>30\/09\/2024.<\/p>\n<table style=\"width: 100%; border-collapse: collapse; line-height: 1; border-style: solid; border-color: #031e96;\">\n<tbody>\n<tr style=\"height: 36px;\">\n<th style=\"width: 16.6455%; border-style: solid; border-color: #0e0af5; text-align: center; vertical-align: top; height: 33px;\" scope=\"row\"><span style=\"font-size: 10pt;\" data-wahfont=\"13\"><strong>T. R.<\/strong><\/span><\/th>\n<th style=\"width: 16.6455%; border-style: solid; border-color: #0e0af5; text-align: center; vertical-align: top; height: 33px;\" scope=\"row\"><span style=\"font-size: 10pt;\" data-wahfont=\"13\"><strong>Aviso<\/strong><\/span><\/th>\n<th style=\"width: 16.6455%; border-style: solid; border-color: #0e0af5; text-align: center; vertical-align: top; height: 33px;\" scope=\"row\"><span style=\"font-size: 10pt;\" data-wahfont=\"13\"><strong>Ata Certame<\/strong><\/span><\/th>\n<th style=\"width: 16.6455%; border-style: solid; border-color: #0e0af5; text-align: center; vertical-align: top; height: 33px;\" scope=\"row\"><span style=\"font-size: 10pt;\" data-wahfont=\"13\"><strong>Ratifica\u00e7\u00e3o<\/strong><\/span><\/th>\n<th style=\"width: 16.6455%; border-style: solid; border-color: #0e0af5; text-align: center; vertical-align: top; height: 33px;\" scope=\"row\"><span style=\"font-size: 10pt;\" data-wahfont=\"13\"><strong>Ata<\/strong><\/span><\/th>\n<th style=\"width: 16.6455%; border-style: solid; border-color: #0e0af5; text-align: center; vertical-align: top; height: 33px;\" scope=\"row\"><span style=\"font-size: 10pt;\" data-wahfont=\"13\"><strong>Publica\u00e7\u00e3o Ata<\/strong><\/span><\/th>\n<\/tr>\n<tr>\n<th style=\"width: 16.6455%; border-style: solid; border-color: #0525a3; text-align: center; vertical-align: middle;\" scope=\"row\"><strong><span style=\"font-size: 8pt;\"><a href=\"https:\/\/www.guarara.mg.gov.br\/wp\/wp-content\/uploads\/2024\/03\/Termo-de-Referencia-16.pdf\">Termo de Referencia<\/a><\/span><\/strong><\/th>\n<th style=\"width: 16.6455%; border-style: solid; border-color: #0525a3; text-align: center; vertical-align: middle;\" scope=\"row\"><strong><span style=\"font-size: 8pt;\"><a href=\"https:\/\/www.guarara.mg.gov.br\/wp\/wp-content\/uploads\/2024\/03\/Aviso-Recebimento-de-Proposta-14.pdf\">Recebimento de Proposta<\/a><\/span><\/strong><\/th>\n<th style=\"width: 16.6455%; border-style: solid; border-color: #0525a3; text-align: center; vertical-align: middle;\" scope=\"row\"><strong><span style=\"font-size: 8pt;\"><a href=\"https:\/\/www.guarara.mg.gov.br\/wp\/wp-content\/uploads\/2024\/03\/Ata-Proposta-16.pdf\">Ata Proposta<\/a><\/span><\/strong><\/th>\n<th style=\"width: 16.6455%; border-style: solid; border-color: #0525a3; text-align: center; vertical-align: middle;\" scope=\"row\"><strong><span style=\"font-size: 8pt;\"><a href=\"https:\/\/www.guarara.mg.gov.br\/wp\/wp-content\/uploads\/2024\/03\/Ratificacao-20.pdf\">Ratifica\u00e7\u00e3o<\/a><\/span><\/strong><\/th>\n<th style=\"width: 16.6455%; border-style: solid; border-color: #0525a3; text-align: center; vertical-align: middle;\" scope=\"row\"><a href=\"https:\/\/www.guarara.mg.gov.br\/wp\/wp-content\/uploads\/2024\/03\/Ata-de-Registro-Bassamar.pdf\"><strong><span style=\"font-size: 8pt;\">Ata de Registro Bassamar<\/span><\/strong><\/a><br \/>\n<strong><span style=\"font-size: 8pt;\"><a href=\"https:\/\/www.guarara.mg.gov.br\/wp\/wp-content\/uploads\/2024\/03\/Ata-de-Registro-Paraibuna.pdf\">Ata de Registro Paraibuna<\/a><\/span><\/strong><\/th>\n<th style=\"width: 16.6455%; border-style: solid; border-color: #0525a3; text-align: center; vertical-align: middle;\" scope=\"row\"><strong><span style=\"font-size: 8pt;\"><a href=\"https:\/\/www.guarara.mg.gov.br\/wp\/wp-content\/uploads\/2024\/03\/AMM-13.pdf\">AMM<\/a> <\/span><\/strong><br \/>\n<strong><span style=\"font-size: 8pt;\"><a href=\"https:\/\/www.guarara.mg.gov.br\/wp\/wp-content\/uploads\/2024\/03\/DOE-14.pdf\">DOE<\/a> <\/span><\/strong><br \/>\n<strong><span style=\"font-size: 8pt;\"><a href=\"https:\/\/www.guarara.mg.gov.br\/wp\/wp-content\/uploads\/2024\/03\/DOU-12.pdf\">DOU<\/a><\/span><\/strong><\/th>\n<\/tr>\n<\/tbody>\n<\/table>\n<\/td>\n<\/tr>\n<tr>\n<td style=\"width: 99.8758%; border-color: #000000; text-align: left;\"><strong><strong>Processo n\u00ba 42\/2024\u00a0 \u00a0 \u00a0 \u00a0 Dispensa n\u00ba 20\/2024\u00a0 \u00a0 \u00a0 \u00a0 \u00a0 \u00a0 \u00a0 \u00a0 \u00a0 \u00a0 \u00a0 \u00a0 \u00a0 \u00a0 \u00a0 \u00a0 \u00a0 \u00a0 \u00a0 \u00a0 \u00a0 \u00a0 \u00a0 \u00a0 \u00a0 \u00a0 \u00a0 \u00a0 \u00a0 \u00a0 \u00a0<span style=\"color: #ff0000;\">FINALIZADO<\/span><br \/>\nObjeto: <\/strong><\/strong>Contrata\u00e7\u00e3o de empresa para realizar a reforma do PSF Amor a Vida.<strong><strong><br \/>\nData:\u00a0 <\/strong><\/strong>22\/10\/2024.<\/p>\n<table style=\"width: 100%; border-collapse: collapse; line-height: 1; border-style: solid; border-color: #031e96;\">\n<tbody>\n<tr style=\"height: 36px;\">\n<th style=\"width: 16.6455%; border-style: solid; border-color: #0e0af5; text-align: center; vertical-align: top; height: 33px;\" scope=\"row\"><span style=\"font-size: 10pt;\" data-wahfont=\"13\"><strong>T. R.<\/strong><\/span><\/th>\n<th style=\"width: 16.6455%; border-style: solid; border-color: #0e0af5; text-align: center; vertical-align: top; height: 33px;\" scope=\"row\"><span style=\"font-size: 10pt;\" data-wahfont=\"13\"><strong>Aviso<\/strong><\/span><\/th>\n<th style=\"width: 16.6455%; border-style: solid; border-color: #0e0af5; text-align: center; vertical-align: top; height: 33px;\" scope=\"row\"><span style=\"font-size: 10pt;\" data-wahfont=\"13\"><strong>Ata Certame<\/strong><\/span><\/th>\n<th style=\"width: 16.6455%; border-style: solid; border-color: #0e0af5; text-align: center; vertical-align: top; height: 33px;\" scope=\"row\"><span style=\"font-size: 10pt;\" data-wahfont=\"13\"><strong>Ratifica\u00e7\u00e3o<\/strong><\/span><\/th>\n<th style=\"width: 16.6455%; border-style: solid; border-color: #0e0af5; text-align: center; vertical-align: top; height: 33px;\" scope=\"row\"><span style=\"font-size: 10pt;\" data-wahfont=\"13\"><strong>Contrato<\/strong><\/span><\/th>\n<th style=\"width: 16.6455%; border-style: solid; border-color: #0e0af5; text-align: center; vertical-align: top; height: 33px;\" scope=\"row\"><span style=\"font-size: 10pt;\" data-wahfont=\"13\"><strong>Publica\u00e7\u00e3o Contrato<\/strong><\/span><\/th>\n<\/tr>\n<tr>\n<th style=\"width: 16.6455%; border-style: solid; border-color: #0525a3; text-align: center; vertical-align: middle;\" scope=\"row\"><strong><span style=\"font-size: 8pt;\"><a href=\"https:\/\/www.guarara.mg.gov.br\/wp\/wp-content\/uploads\/2024\/03\/Termo-de-Referencia-17.pdf\">Termo de Referencia<\/a><\/span><\/strong><\/th>\n<th style=\"width: 16.6455%; border-style: solid; border-color: #0525a3; text-align: center; vertical-align: middle;\" scope=\"row\"><strong><span style=\"font-size: 8pt;\"><a href=\"https:\/\/www.guarara.mg.gov.br\/wp\/wp-content\/uploads\/2024\/03\/Aviso-Recebimento-de-Proposta-15.pdf\">Recebimento de Proposta<\/a><\/span><\/strong><\/th>\n<th style=\"width: 16.6455%; border-style: solid; border-color: #0525a3; text-align: center; vertical-align: middle;\" scope=\"row\"><strong><span style=\"font-size: 8pt;\"><a href=\"https:\/\/www.guarara.mg.gov.br\/wp\/wp-content\/uploads\/2024\/03\/Ata-Proposta-17.pdf\">Ata Proposta<\/a><\/span><\/strong><\/th>\n<th style=\"width: 16.6455%; border-style: solid; border-color: #0525a3; text-align: center; vertical-align: middle;\" scope=\"row\"><strong><span style=\"font-size: 8pt;\"><a href=\"https:\/\/www.guarara.mg.gov.br\/wp\/wp-content\/uploads\/2024\/03\/Ratificacao-21.pdf\">Ratifica\u00e7\u00e3o<\/a><\/span><\/strong><\/th>\n<th style=\"width: 16.6455%; border-style: solid; border-color: #0525a3; text-align: center; vertical-align: middle;\" scope=\"row\"><a href=\"https:\/\/www.guarara.mg.gov.br\/wp\/wp-content\/uploads\/2024\/03\/Contrato-D-S.pdf\"><strong><span style=\"font-size: 8pt;\">Contrato D S<\/span><\/strong><\/a><\/th>\n<th style=\"width: 16.6455%; border-style: solid; border-color: #0525a3; text-align: center; vertical-align: middle;\" scope=\"row\"><strong><span style=\"font-size: 8pt;\"><a href=\"https:\/\/www.guarara.mg.gov.br\/wp\/wp-content\/uploads\/2024\/03\/AMM-15.pdf\">AMM<\/a> <\/span><\/strong><br \/>\n<strong><span style=\"font-size: 8pt;\"><a href=\"https:\/\/www.guarara.mg.gov.br\/wp\/wp-content\/uploads\/2024\/03\/DOE-15.pdf\">DOE<\/a> <\/span><\/strong><br \/>\n<strong><span style=\"font-size: 8pt;\"><a href=\"https:\/\/www.guarara.mg.gov.br\/wp\/wp-content\/uploads\/2024\/03\/DOU-13.pdf\">DOU<\/a><\/span><\/strong><\/th>\n<\/tr>\n<\/tbody>\n<\/table>\n<\/td>\n<\/tr>\n<tr>\n<td style=\"width: 99.8758%; border-color: #000000; text-align: left;\"><strong><strong>Processo n\u00ba 43\/2024\u00a0 \u00a0 \u00a0 \u00a0 Dispensa n\u00ba 21\/2024\u00a0 \u00a0 \u00a0 \u00a0 \u00a0 \u00a0 \u00a0 \u00a0 \u00a0 \u00a0 \u00a0 \u00a0 \u00a0 \u00a0 \u00a0 \u00a0 \u00a0 \u00a0 \u00a0 \u00a0 \u00a0 \u00a0 \u00a0 \u00a0 \u00a0 \u00a0 \u00a0 \u00a0 \u00a0 \u00a0 <span style=\"color: #ff0000;\">FINALIZADO<\/span><br \/>\nObjeto: <\/strong><\/strong>Contrata\u00e7\u00e3o de empresa para realizar evento de Inaugura\u00e7\u00e3o da Pra\u00e7a Coronel Afonso Leite.<strong><strong><br \/>\nData:\u00a0 <\/strong><\/strong>22\/10\/2024.<\/p>\n<table style=\"width: 100%; border-collapse: collapse; line-height: 1; border-style: solid; border-color: #031e96;\">\n<tbody>\n<tr style=\"height: 36px;\">\n<th style=\"width: 16.6455%; border-style: solid; border-color: #0e0af5; text-align: center; vertical-align: top; height: 33px;\" scope=\"row\"><span style=\"font-size: 10pt;\" data-wahfont=\"13\"><strong>T. R.<\/strong><\/span><\/th>\n<th style=\"width: 16.6455%; border-style: solid; border-color: #0e0af5; text-align: center; vertical-align: top; height: 33px;\" scope=\"row\"><span style=\"font-size: 10pt;\" data-wahfont=\"13\"><strong>Aviso<\/strong><\/span><\/th>\n<th style=\"width: 16.6455%; border-style: solid; border-color: #0e0af5; text-align: center; vertical-align: top; height: 33px;\" scope=\"row\"><span style=\"font-size: 10pt;\" data-wahfont=\"13\"><strong>Ata Certame<\/strong><\/span><\/th>\n<th style=\"width: 17.0346%; border-style: solid; border-color: #0e0af5; text-align: center; vertical-align: top; height: 33px;\" scope=\"row\"><span style=\"font-size: 10pt;\" data-wahfont=\"13\"><strong>Ratifica\u00e7\u00e3o<\/strong><\/span><\/th>\n<th style=\"width: 16.2564%; border-style: solid; border-color: #0e0af5; text-align: center; vertical-align: top; height: 33px;\" scope=\"row\"><span style=\"font-size: 10pt;\" data-wahfont=\"13\"><strong>Contrato<\/strong><\/span><\/th>\n<th style=\"width: 16.6455%; border-style: solid; border-color: #0e0af5; text-align: center; vertical-align: top; height: 33px;\" scope=\"row\"><span style=\"font-size: 10pt;\" data-wahfont=\"13\"><strong>Publica\u00e7\u00e3o Contrato<\/strong><\/span><\/th>\n<\/tr>\n<tr>\n<th style=\"width: 16.6455%; border-style: solid; border-color: #0525a3; text-align: center; vertical-align: middle;\" scope=\"row\"><strong><span style=\"font-size: 8pt;\"><a href=\"https:\/\/www.guarara.mg.gov.br\/wp\/wp-content\/uploads\/2024\/03\/Termo-de-Referencia-18.pdf\">Termo de Referencia<\/a><\/span><\/strong><\/th>\n<th style=\"width: 16.6455%; border-style: solid; border-color: #0525a3; text-align: center; vertical-align: middle;\" scope=\"row\"><strong><span style=\"font-size: 8pt;\"><a href=\"https:\/\/www.guarara.mg.gov.br\/wp\/wp-content\/uploads\/2024\/03\/Aviso-Recebimento-de-Proposta-16.pdf\">Recebimento de Proposta<\/a><\/span><\/strong><\/th>\n<th style=\"width: 16.6455%; border-style: solid; border-color: #0525a3; text-align: center; vertical-align: middle;\" scope=\"row\"><strong><span style=\"font-size: 8pt;\"><a href=\"https:\/\/www.guarara.mg.gov.br\/wp\/wp-content\/uploads\/2024\/03\/Ata-Proposta-18.pdf\">Ata Proposta<\/a><\/span><\/strong><\/th>\n<th style=\"width: 17.0346%; border-style: solid; border-color: #0525a3; text-align: center; vertical-align: middle;\" scope=\"row\"><strong><span style=\"font-size: 8pt;\"><a href=\"https:\/\/www.guarara.mg.gov.br\/wp\/wp-content\/uploads\/2024\/03\/Ratificacao-22.pdf\">Ratifica\u00e7\u00e3o<\/a><\/span><\/strong><\/th>\n<th style=\"width: 16.2564%; border-style: solid; border-color: #0525a3; text-align: center; vertical-align: middle;\" scope=\"row\"><strong><span style=\"font-size: 8pt;\"><a href=\"https:\/\/www.guarara.mg.gov.br\/wp\/wp-content\/uploads\/2024\/03\/Contrato-CRD-1.pdf\">Contrato CRD<\/a><\/span><\/strong><\/th>\n<th style=\"width: 16.6455%; border-style: solid; border-color: #0525a3; text-align: center; vertical-align: middle;\" scope=\"row\"><span style=\"font-size: 8pt;\"><a href=\"https:\/\/www.guarara.mg.gov.br\/wp\/wp-content\/uploads\/2024\/03\/AMM-15.pdf\">AMM<\/a> <\/span><br \/>\n<span style=\"font-size: 8pt;\"><a href=\"https:\/\/www.guarara.mg.gov.br\/wp\/wp-content\/uploads\/2024\/03\/DOE-15.pdf\">DOE<\/a> <\/span><br \/>\n<span style=\"font-size: 8pt;\"><a href=\"https:\/\/www.guarara.mg.gov.br\/wp\/wp-content\/uploads\/2024\/03\/DOU-13.pdf\">DOU<\/a><\/span><\/th>\n<\/tr>\n<\/tbody>\n<\/table>\n<\/td>\n<\/tr>\n<tr style=\"height: 46px;\">\n<td style=\"width: 99.8758%; border-color: #000000; height: 46px;\"><strong>Processo n\u00ba 44\/2024\u00a0 \u00a0 \u00a0 \u00a0 \u00a0 Inexigibilidade n\u00ba 9\/2024\u00a0 \u00a0 \u00a0 \u00a0 \u00a0 \u00a0 \u00a0 \u00a0 \u00a0 \u00a0 \u00a0 \u00a0 \u00a0 \u00a0 \u00a0 \u00a0 \u00a0 \u00a0 \u00a0 \u00a0 \u00a0 \u00a0 \u00a0 \u00a0 \u00a0 <span style=\"color: #ff0000;\">FINALIZADO<\/span><br \/>\nObjeto: <\/strong>Contrata\u00e7\u00e3o por inexigibilidade de show de renome regional para inaugura\u00e7\u00e3o da Pra\u00e7a Coronel Afonso Leite.<strong><br \/>\nData:\u00a0 <\/strong>18\/10\/2024.<\/p>\n<table style=\"width: 100%; border-collapse: collapse; line-height: 1; border-style: solid; border-color: #0521f5;\">\n<tbody>\n<tr>\n<th style=\"width: 33.3333%; border-style: solid; border-color: #0723f7; text-align: center; vertical-align: middle;\" scope=\"row\"><strong><span style=\"font-size: 10pt;\">Ratifica\u00e7\u00e3o<\/span><\/strong><\/th>\n<th style=\"width: 33.3333%; border-style: solid; border-color: #0723f7; text-align: center; vertical-align: middle;\" scope=\"row\"><strong><span style=\"font-size: 10pt;\">Contrato<\/span><\/strong><\/th>\n<th style=\"width: 33.3333%; border-style: solid; border-color: #0723f7; text-align: center; vertical-align: middle;\" scope=\"row\"><strong><span style=\"font-size: 10pt;\">Publica\u00e7\u00e3o Contrato<\/span><\/strong><\/th>\n<\/tr>\n<tr>\n<td style=\"width: 33.3333%; border-style: solid; border-color: #0535f7; text-align: center; vertical-align: middle;\" scope=\"row\"><strong><span style=\"font-size: 8pt;\"><a href=\"https:\/\/www.guarara.mg.gov.br\/wp\/wp-content\/uploads\/2024\/03\/Ratificacao-23.pdf\">Ratifica\u00e7\u00e3o<\/a><\/span><\/strong><\/td>\n<td style=\"width: 33.3333%; border-style: solid; border-color: #0535f7; text-align: center; vertical-align: middle;\" scope=\"row\"><strong><span style=\"font-size: 8pt;\"><a href=\"https:\/\/www.guarara.mg.gov.br\/wp\/wp-content\/uploads\/2024\/03\/Contrato-F-G.pdf\">Contrato F &amp; G<\/a><\/span><\/strong><\/td>\n<td style=\"width: 33.3333%; border-style: solid; border-color: #0535f7; text-align: center; vertical-align: middle;\" scope=\"row\"><span style=\"font-size: 8pt;\"><strong><a href=\"https:\/\/www.guarara.mg.gov.br\/wp\/wp-content\/uploads\/2024\/03\/AMM-15.pdf\">AMM<\/a> <\/strong><\/span><br \/>\n<span style=\"font-size: 8pt;\"><strong><a href=\"https:\/\/www.guarara.mg.gov.br\/wp\/wp-content\/uploads\/2024\/03\/DOE-15.pdf\">DOE<\/a> <\/strong><\/span><br \/>\n<span style=\"font-size: 8pt;\"><strong><a href=\"https:\/\/www.guarara.mg.gov.br\/wp\/wp-content\/uploads\/2024\/03\/DOU-13.pdf\">DOU<\/a><\/strong><\/span><\/td>\n<\/tr>\n<\/tbody>\n<\/table>\n<\/td>\n<\/tr>\n<tr>\n<td style=\"width: 99.8758%; border-color: #000000; text-align: left;\"><strong>Processo n\u00ba 45\/2024\u00a0 \u00a0 \u00a0 \u00a0 \u00a0 P.P n\u00ba 12\/2024\u00a0 \u00a0 \u00a0 \u00a0 \u00a0 \u00a0Sistema de Registo de Pre\u00e7o\u00a0 \u00a0 \u00a0 \u00a0 \u00a0 <span style=\"color: #ff0000;\">FINALIZADO<\/span><br \/>\nObjeto: <\/strong>Eventual e Futura contrata\u00e7\u00e3o de interessados no fornecimento de Materiais de Constru\u00e7\u00e3o para atender as necessidades da Secretaria de Obras.<strong><br \/>\nData Abertura: <\/strong>13\/11\/2024.\u00a0 \u00a0 \u00a0<strong> \u00a0 \u00a0 \u00a0 \u00a0 \u00a0 \u00a0 \u00a0 \u00a0 \u00a0 Hora: <\/strong>13h00min.<\/p>\n<table style=\"width: 100%; border-collapse: collapse; line-height: 1; border-style: solid; border-color: #050fa3; height: 117px;\">\n<tbody>\n<tr style=\"height: 39px;\">\n<th style=\"width: 5.04053%; text-align: center; vertical-align: middle; border-style: solid; border-color: #0a24f0; height: 39px;\" scope=\"row\"><span style=\"font-size: 10pt;\"><strong>Edital<\/strong><\/span><\/th>\n<th style=\"width: 20.4965%; text-align: center; vertical-align: middle; border-style: solid; border-color: #0a24f0; height: 39px;\" scope=\"row\"><span style=\"font-size: 10pt;\"><strong>Publica\u00e7\u00e3o Edital<\/strong><\/span><\/th>\n<th style=\"width: 15.7477%; text-align: center; vertical-align: middle; border-style: solid; border-color: #0a24f0; height: 39px;\" scope=\"row\"><span style=\"font-size: 10pt;\"><strong>Ata Certame<\/strong><\/span><\/th>\n<th style=\"width: 1.62078%; text-align: center; vertical-align: middle; border-style: solid; border-color: #0a24f0; height: 39px;\" scope=\"row\"><span style=\"font-size: 10pt;\"><strong>Homologa\u00e7\u00e3o<\/strong><\/span><\/th>\n<th style=\"width: 14.2128%; text-align: center; vertical-align: middle; border-style: solid; border-color: #0a24f0; height: 39px;\" scope=\"row\"><span style=\"font-size: 10pt;\"><strong>Ata\u00a0<\/strong><\/span><\/th>\n<th style=\"width: 15.9228%; text-align: center; vertical-align: middle; border-style: solid; border-color: #0a24f0; height: 39px;\" scope=\"row\"><span style=\"font-size: 10pt;\"><strong>Publica\u00e7\u00e3o <\/strong><strong>Ata<\/strong><\/span><\/th>\n<\/tr>\n<tr style=\"height: 39px;\">\n<th style=\"width: 5.04053%; border-style: solid; border-color: #052296; text-align: center; vertical-align: middle; height: 39px;\" scope=\"row\"><strong><span style=\"font-size: 8pt;\"><a href=\"https:\/\/www.guarara.mg.gov.br\/wp\/wp-content\/uploads\/2024\/03\/EditalCompleto-Mat.-Construcao.pdf\">Edital<\/a><\/span><\/strong><\/th>\n<th style=\"width: 20.4965%; border-style: solid; border-color: #052296; text-align: center; vertical-align: middle; height: 39px;\" scope=\"row\"><strong><span style=\"font-size: 8pt;\">01\/11\/2024<\/span><\/strong><\/th>\n<th style=\"width: 15.7477%; border-style: solid; border-color: #052296; text-align: center; vertical-align: middle; height: 39px;\" scope=\"row\"><span style=\"font-size: 8pt;\"><a href=\"https:\/\/www.guarara.mg.gov.br\/wp\/wp-content\/uploads\/2024\/03\/Ata-Certame-10.pdf\">Ata Certame<\/a><\/span><\/th>\n<th style=\"width: 1.62078%; border-style: solid; border-color: #052296; text-align: center; vertical-align: middle; height: 39px;\" scope=\"row\"><span style=\"font-size: 8pt;\"><a href=\"https:\/\/www.guarara.mg.gov.br\/wp\/wp-content\/uploads\/2024\/03\/Homologacao-10.pdf\">Homologa\u00e7\u00e3o<\/a><\/span><\/th>\n<th style=\"width: 14.2128%; border-style: solid; border-color: #052296; text-align: center; vertical-align: middle; height: 39px;\" scope=\"row\"><span style=\"font-size: 8pt;\"><a href=\"https:\/\/www.guarara.mg.gov.br\/wp\/wp-content\/uploads\/2024\/03\/16-Ata-de-Registro-Lider.pdf\"> Ata de Registro Lider<\/a><\/span><br \/>\n<span style=\"font-size: 8pt;\"> <a href=\"https:\/\/www.guarara.mg.gov.br\/wp\/wp-content\/uploads\/2024\/03\/14-Ata-de-Registro-Laramix.pdf\">Ata de Registro Laramix<\/a><\/span><\/th>\n<th style=\"width: 15.9228%; border-style: solid; border-color: #052296; text-align: center; vertical-align: middle; height: 39px;\" scope=\"row\"><\/th>\n<\/tr>\n<tr style=\"height: 39px;\">\n<th style=\"width: 73.0411%; border-style: solid; border-color: #052296; vertical-align: middle; height: 39px;\" colspan=\"6\" scope=\"row\"><span style=\"color: #0000ff;\"><strong><a style=\"color: #0000ff;\" href=\"https:\/\/www.guarara.mg.gov.br\/wp\/wp-content\/uploads\/2024\/03\/Arquivo_Proposta_Digital_Itens_Processo_45-2024.xlsx\">Arquivo_Proposta_Digital_Itens_Processo_45-2024<\/a>\u00a0 \u00a0 \u00a0<\/strong><\/span><\/th>\n<\/tr>\n<\/tbody>\n<\/table>\n<p><span style=\"font-size: 10pt;\"><strong><span style=\"color: #ff0000;\">Importante: N\u00e3o esquecer de realizar o download da Proposta Digital e trazer no dia do certame.<\/span><\/strong><\/span><\/td>\n<\/tr>\n<\/tbody>\n<\/table>\n","protected":false},"excerpt":{"rendered":"<p>Processo n\u00ba 3\/2024\u00a0 \u00a0 \u00a0 \u00a0 \u00a0 Dispensa n\u00ba 1\/2024\u00a0 \u00a0 \u00a0 \u00a0 \u00a0 \u00a0 \u00a0 \u00a0 \u00a0 \u00a0 \u00a0 \u00a0 \u00a0 \u00a0 \u00a0 \u00a0 \u00a0 \u00a0 \u00a0 \u00a0 \u00a0 \u00a0 \u00a0 \u00a0 \u00a0 \u00a0 \u00a0 \u00a0 \u00a0 \u00a0 \u00a0 \u00a0 \u00a0 \u00a0 \u00a0FINALIZADO Objeto: Contrata\u00e7\u00e3o de fornecedores provenientes de chamamento p\u00fablico (agricultura familiar). Data: [&hellip;]<\/p>\n","protected":false},"author":2,"featured_media":11501,"comment_status":"closed","ping_status":"closed","sticky":false,"template":"","format":"standard","meta":{"ngg_post_thumbnail":0,"footnotes":"","_links_to":"","_links_to_target":""},"categories":[1],"tags":[],"class_list":["post-11498","post","type-post","status-publish","format-standard","has-post-thumbnail","hentry","category-sem-categoria"],"yoast_head":"<!-- This site is optimized with the Yoast SEO plugin v27.3 - https:\/\/yoast.com\/product\/yoast-seo-wordpress\/ -->\n<title>Processos Licitatorios 2024 - Prefeitura Municipal de Guarar\u00e1 - MG<\/title>\n<meta name=\"robots\" content=\"index, follow, max-snippet:-1, max-image-preview:large, max-video-preview:-1\" \/>\n<link rel=\"canonical\" href=\"https:\/\/www.guarara.mg.gov.br\/wp\/aviso-de-licitacao\/\" \/>\n<meta property=\"og:locale\" content=\"pt_BR\" \/>\n<meta property=\"og:type\" content=\"article\" \/>\n<meta property=\"og:title\" content=\"Processos Licitatorios 2024 - Prefeitura Municipal de Guarar\u00e1 - MG\" \/>\n<meta property=\"og:description\" content=\"Processo n\u00ba 3\/2024\u00a0 \u00a0 \u00a0 \u00a0 \u00a0 Dispensa n\u00ba 1\/2024\u00a0 \u00a0 \u00a0 \u00a0 \u00a0 \u00a0 \u00a0 \u00a0 \u00a0 \u00a0 \u00a0 \u00a0 \u00a0 \u00a0 \u00a0 \u00a0 \u00a0 \u00a0 \u00a0 \u00a0 \u00a0 \u00a0 \u00a0 \u00a0 \u00a0 \u00a0 \u00a0 \u00a0 \u00a0 \u00a0 \u00a0 \u00a0 \u00a0 \u00a0 \u00a0FINALIZADO Objeto: Contrata\u00e7\u00e3o de fornecedores provenientes de chamamento p\u00fablico (agricultura familiar). Data: [&hellip;]\" \/>\n<meta property=\"og:url\" content=\"https:\/\/www.guarara.mg.gov.br\/wp\/aviso-de-licitacao\/\" \/>\n<meta property=\"og:site_name\" content=\"Prefeitura Municipal de Guarar\u00e1 - MG\" \/>\n<meta property=\"article:published_time\" content=\"2024-03-13T13:06:19+00:00\" \/>\n<meta property=\"article:modified_time\" content=\"2025-06-09T13:23:27+00:00\" \/>\n<meta property=\"og:image\" content=\"https:\/\/www.guarara.mg.gov.br\/wp\/wp-content\/uploads\/2024\/03\/licitacao.jpg\" \/>\n\t<meta property=\"og:image:width\" content=\"800\" \/>\n\t<meta property=\"og:image:height\" content=\"488\" \/>\n\t<meta property=\"og:image:type\" content=\"image\/jpeg\" \/>\n<meta name=\"author\" content=\"Prefeitura Municipal de Guarar\u00e1\" \/>\n<meta name=\"twitter:card\" content=\"summary_large_image\" \/>\n<meta name=\"twitter:label1\" content=\"Escrito por\" \/>\n\t<meta name=\"twitter:data1\" content=\"Prefeitura Municipal de Guarar\u00e1\" \/>\n\t<meta name=\"twitter:label2\" content=\"Est. tempo de leitura\" \/>\n\t<meta name=\"twitter:data2\" content=\"15 minutos\" \/>\n<script type=\"application\/ld+json\" class=\"yoast-schema-graph\">{\"@context\":\"https:\\\/\\\/schema.org\",\"@graph\":[{\"@type\":\"Article\",\"@id\":\"https:\\\/\\\/www.guarara.mg.gov.br\\\/wp\\\/aviso-de-licitacao\\\/#article\",\"isPartOf\":{\"@id\":\"https:\\\/\\\/www.guarara.mg.gov.br\\\/wp\\\/aviso-de-licitacao\\\/\"},\"author\":{\"name\":\"Prefeitura Municipal de Guarar\u00e1\",\"@id\":\"https:\\\/\\\/www.guarara.mg.gov.br\\\/wp\\\/#\\\/schema\\\/person\\\/4c00995fbafef351bbf66ad27865ee99\"},\"headline\":\"Processos Licitatorios 2024\",\"datePublished\":\"2024-03-13T13:06:19+00:00\",\"dateModified\":\"2025-06-09T13:23:27+00:00\",\"mainEntityOfPage\":{\"@id\":\"https:\\\/\\\/www.guarara.mg.gov.br\\\/wp\\\/aviso-de-licitacao\\\/\"},\"wordCount\":2806,\"image\":{\"@id\":\"https:\\\/\\\/www.guarara.mg.gov.br\\\/wp\\\/aviso-de-licitacao\\\/#primaryimage\"},\"thumbnailUrl\":\"https:\\\/\\\/www.guarara.mg.gov.br\\\/wp\\\/wp-content\\\/uploads\\\/2024\\\/03\\\/licitacao.jpg\",\"articleSection\":[\"Guarar\u00e1\"],\"inLanguage\":\"pt-BR\"},{\"@type\":\"WebPage\",\"@id\":\"https:\\\/\\\/www.guarara.mg.gov.br\\\/wp\\\/aviso-de-licitacao\\\/\",\"url\":\"https:\\\/\\\/www.guarara.mg.gov.br\\\/wp\\\/aviso-de-licitacao\\\/\",\"name\":\"Processos Licitatorios 2024 - Prefeitura Municipal de Guarar\u00e1 - MG\",\"isPartOf\":{\"@id\":\"https:\\\/\\\/www.guarara.mg.gov.br\\\/wp\\\/#website\"},\"primaryImageOfPage\":{\"@id\":\"https:\\\/\\\/www.guarara.mg.gov.br\\\/wp\\\/aviso-de-licitacao\\\/#primaryimage\"},\"image\":{\"@id\":\"https:\\\/\\\/www.guarara.mg.gov.br\\\/wp\\\/aviso-de-licitacao\\\/#primaryimage\"},\"thumbnailUrl\":\"https:\\\/\\\/www.guarara.mg.gov.br\\\/wp\\\/wp-content\\\/uploads\\\/2024\\\/03\\\/licitacao.jpg\",\"datePublished\":\"2024-03-13T13:06:19+00:00\",\"dateModified\":\"2025-06-09T13:23:27+00:00\",\"author\":{\"@id\":\"https:\\\/\\\/www.guarara.mg.gov.br\\\/wp\\\/#\\\/schema\\\/person\\\/4c00995fbafef351bbf66ad27865ee99\"},\"breadcrumb\":{\"@id\":\"https:\\\/\\\/www.guarara.mg.gov.br\\\/wp\\\/aviso-de-licitacao\\\/#breadcrumb\"},\"inLanguage\":\"pt-BR\",\"potentialAction\":[{\"@type\":\"ReadAction\",\"target\":[\"https:\\\/\\\/www.guarara.mg.gov.br\\\/wp\\\/aviso-de-licitacao\\\/\"]}]},{\"@type\":\"ImageObject\",\"inLanguage\":\"pt-BR\",\"@id\":\"https:\\\/\\\/www.guarara.mg.gov.br\\\/wp\\\/aviso-de-licitacao\\\/#primaryimage\",\"url\":\"https:\\\/\\\/www.guarara.mg.gov.br\\\/wp\\\/wp-content\\\/uploads\\\/2024\\\/03\\\/licitacao.jpg\",\"contentUrl\":\"https:\\\/\\\/www.guarara.mg.gov.br\\\/wp\\\/wp-content\\\/uploads\\\/2024\\\/03\\\/licitacao.jpg\",\"width\":800,\"height\":488},{\"@type\":\"BreadcrumbList\",\"@id\":\"https:\\\/\\\/www.guarara.mg.gov.br\\\/wp\\\/aviso-de-licitacao\\\/#breadcrumb\",\"itemListElement\":[{\"@type\":\"ListItem\",\"position\":1,\"name\":\"In\u00edcio\",\"item\":\"https:\\\/\\\/www.guarara.mg.gov.br\\\/wp\\\/\"},{\"@type\":\"ListItem\",\"position\":2,\"name\":\"Guarar\u00e1\",\"item\":\"https:\\\/\\\/www.guarara.mg.gov.br\\\/wp\\\/category\\\/sem-categoria\\\/\"},{\"@type\":\"ListItem\",\"position\":3,\"name\":\"Processos Licitatorios 2024\"}]},{\"@type\":\"WebSite\",\"@id\":\"https:\\\/\\\/www.guarara.mg.gov.br\\\/wp\\\/#website\",\"url\":\"https:\\\/\\\/www.guarara.mg.gov.br\\\/wp\\\/\",\"name\":\"Prefeitura Municipal de Guarar\u00e1 - MG\",\"description\":\"Prefeitura Municipal de Guarar\u00e1 - MG\",\"potentialAction\":[{\"@type\":\"SearchAction\",\"target\":{\"@type\":\"EntryPoint\",\"urlTemplate\":\"https:\\\/\\\/www.guarara.mg.gov.br\\\/wp\\\/?s={search_term_string}\"},\"query-input\":{\"@type\":\"PropertyValueSpecification\",\"valueRequired\":true,\"valueName\":\"search_term_string\"}}],\"inLanguage\":\"pt-BR\"},{\"@type\":\"Person\",\"@id\":\"https:\\\/\\\/www.guarara.mg.gov.br\\\/wp\\\/#\\\/schema\\\/person\\\/4c00995fbafef351bbf66ad27865ee99\",\"name\":\"Prefeitura Municipal de Guarar\u00e1\",\"image\":{\"@type\":\"ImageObject\",\"inLanguage\":\"pt-BR\",\"@id\":\"https:\\\/\\\/www.guarara.mg.gov.br\\\/wp\\\/wp-content\\\/uploads\\\/2014\\\/02\\\/brasao-armasPEQ-100x100.jpg\",\"url\":\"https:\\\/\\\/www.guarara.mg.gov.br\\\/wp\\\/wp-content\\\/uploads\\\/2014\\\/02\\\/brasao-armasPEQ-100x100.jpg\",\"contentUrl\":\"https:\\\/\\\/www.guarara.mg.gov.br\\\/wp\\\/wp-content\\\/uploads\\\/2014\\\/02\\\/brasao-armasPEQ-100x100.jpg\",\"caption\":\"Prefeitura Municipal de Guarar\u00e1\"},\"url\":\"https:\\\/\\\/www.guarara.mg.gov.br\\\/wp\\\/author\\\/guarara\\\/\"}]}<\/script>\n<!-- \/ Yoast SEO plugin. -->","yoast_head_json":{"title":"Processos Licitatorios 2024 - Prefeitura Municipal de Guarar\u00e1 - MG","robots":{"index":"index","follow":"follow","max-snippet":"max-snippet:-1","max-image-preview":"max-image-preview:large","max-video-preview":"max-video-preview:-1"},"canonical":"https:\/\/www.guarara.mg.gov.br\/wp\/aviso-de-licitacao\/","og_locale":"pt_BR","og_type":"article","og_title":"Processos Licitatorios 2024 - Prefeitura Municipal de Guarar\u00e1 - MG","og_description":"Processo n\u00ba 3\/2024\u00a0 \u00a0 \u00a0 \u00a0 \u00a0 Dispensa n\u00ba 1\/2024\u00a0 \u00a0 \u00a0 \u00a0 \u00a0 \u00a0 \u00a0 \u00a0 \u00a0 \u00a0 \u00a0 \u00a0 \u00a0 \u00a0 \u00a0 \u00a0 \u00a0 \u00a0 \u00a0 \u00a0 \u00a0 \u00a0 \u00a0 \u00a0 \u00a0 \u00a0 \u00a0 \u00a0 \u00a0 \u00a0 \u00a0 \u00a0 \u00a0 \u00a0 \u00a0FINALIZADO Objeto: Contrata\u00e7\u00e3o de fornecedores provenientes de chamamento p\u00fablico (agricultura familiar). Data: [&hellip;]","og_url":"https:\/\/www.guarara.mg.gov.br\/wp\/aviso-de-licitacao\/","og_site_name":"Prefeitura Municipal de Guarar\u00e1 - MG","article_published_time":"2024-03-13T13:06:19+00:00","article_modified_time":"2025-06-09T13:23:27+00:00","og_image":[{"width":800,"height":488,"url":"https:\/\/www.guarara.mg.gov.br\/wp\/wp-content\/uploads\/2024\/03\/licitacao.jpg","type":"image\/jpeg"}],"author":"Prefeitura Municipal de Guarar\u00e1","twitter_card":"summary_large_image","twitter_misc":{"Escrito por":"Prefeitura Municipal de Guarar\u00e1","Est. tempo de leitura":"15 minutos"},"schema":{"@context":"https:\/\/schema.org","@graph":[{"@type":"Article","@id":"https:\/\/www.guarara.mg.gov.br\/wp\/aviso-de-licitacao\/#article","isPartOf":{"@id":"https:\/\/www.guarara.mg.gov.br\/wp\/aviso-de-licitacao\/"},"author":{"name":"Prefeitura Municipal de Guarar\u00e1","@id":"https:\/\/www.guarara.mg.gov.br\/wp\/#\/schema\/person\/4c00995fbafef351bbf66ad27865ee99"},"headline":"Processos Licitatorios 2024","datePublished":"2024-03-13T13:06:19+00:00","dateModified":"2025-06-09T13:23:27+00:00","mainEntityOfPage":{"@id":"https:\/\/www.guarara.mg.gov.br\/wp\/aviso-de-licitacao\/"},"wordCount":2806,"image":{"@id":"https:\/\/www.guarara.mg.gov.br\/wp\/aviso-de-licitacao\/#primaryimage"},"thumbnailUrl":"https:\/\/www.guarara.mg.gov.br\/wp\/wp-content\/uploads\/2024\/03\/licitacao.jpg","articleSection":["Guarar\u00e1"],"inLanguage":"pt-BR"},{"@type":"WebPage","@id":"https:\/\/www.guarara.mg.gov.br\/wp\/aviso-de-licitacao\/","url":"https:\/\/www.guarara.mg.gov.br\/wp\/aviso-de-licitacao\/","name":"Processos Licitatorios 2024 - Prefeitura Municipal de Guarar\u00e1 - MG","isPartOf":{"@id":"https:\/\/www.guarara.mg.gov.br\/wp\/#website"},"primaryImageOfPage":{"@id":"https:\/\/www.guarara.mg.gov.br\/wp\/aviso-de-licitacao\/#primaryimage"},"image":{"@id":"https:\/\/www.guarara.mg.gov.br\/wp\/aviso-de-licitacao\/#primaryimage"},"thumbnailUrl":"https:\/\/www.guarara.mg.gov.br\/wp\/wp-content\/uploads\/2024\/03\/licitacao.jpg","datePublished":"2024-03-13T13:06:19+00:00","dateModified":"2025-06-09T13:23:27+00:00","author":{"@id":"https:\/\/www.guarara.mg.gov.br\/wp\/#\/schema\/person\/4c00995fbafef351bbf66ad27865ee99"},"breadcrumb":{"@id":"https:\/\/www.guarara.mg.gov.br\/wp\/aviso-de-licitacao\/#breadcrumb"},"inLanguage":"pt-BR","potentialAction":[{"@type":"ReadAction","target":["https:\/\/www.guarara.mg.gov.br\/wp\/aviso-de-licitacao\/"]}]},{"@type":"ImageObject","inLanguage":"pt-BR","@id":"https:\/\/www.guarara.mg.gov.br\/wp\/aviso-de-licitacao\/#primaryimage","url":"https:\/\/www.guarara.mg.gov.br\/wp\/wp-content\/uploads\/2024\/03\/licitacao.jpg","contentUrl":"https:\/\/www.guarara.mg.gov.br\/wp\/wp-content\/uploads\/2024\/03\/licitacao.jpg","width":800,"height":488},{"@type":"BreadcrumbList","@id":"https:\/\/www.guarara.mg.gov.br\/wp\/aviso-de-licitacao\/#breadcrumb","itemListElement":[{"@type":"ListItem","position":1,"name":"In\u00edcio","item":"https:\/\/www.guarara.mg.gov.br\/wp\/"},{"@type":"ListItem","position":2,"name":"Guarar\u00e1","item":"https:\/\/www.guarara.mg.gov.br\/wp\/category\/sem-categoria\/"},{"@type":"ListItem","position":3,"name":"Processos Licitatorios 2024"}]},{"@type":"WebSite","@id":"https:\/\/www.guarara.mg.gov.br\/wp\/#website","url":"https:\/\/www.guarara.mg.gov.br\/wp\/","name":"Prefeitura Municipal de Guarar\u00e1 - MG","description":"Prefeitura Municipal de Guarar\u00e1 - MG","potentialAction":[{"@type":"SearchAction","target":{"@type":"EntryPoint","urlTemplate":"https:\/\/www.guarara.mg.gov.br\/wp\/?s={search_term_string}"},"query-input":{"@type":"PropertyValueSpecification","valueRequired":true,"valueName":"search_term_string"}}],"inLanguage":"pt-BR"},{"@type":"Person","@id":"https:\/\/www.guarara.mg.gov.br\/wp\/#\/schema\/person\/4c00995fbafef351bbf66ad27865ee99","name":"Prefeitura Municipal de Guarar\u00e1","image":{"@type":"ImageObject","inLanguage":"pt-BR","@id":"https:\/\/www.guarara.mg.gov.br\/wp\/wp-content\/uploads\/2014\/02\/brasao-armasPEQ-100x100.jpg","url":"https:\/\/www.guarara.mg.gov.br\/wp\/wp-content\/uploads\/2014\/02\/brasao-armasPEQ-100x100.jpg","contentUrl":"https:\/\/www.guarara.mg.gov.br\/wp\/wp-content\/uploads\/2014\/02\/brasao-armasPEQ-100x100.jpg","caption":"Prefeitura Municipal de Guarar\u00e1"},"url":"https:\/\/www.guarara.mg.gov.br\/wp\/author\/guarara\/"}]}},"_links":{"self":[{"href":"https:\/\/www.guarara.mg.gov.br\/wp\/wp-json\/wp\/v2\/posts\/11498","targetHints":{"allow":["GET"]}}],"collection":[{"href":"https:\/\/www.guarara.mg.gov.br\/wp\/wp-json\/wp\/v2\/posts"}],"about":[{"href":"https:\/\/www.guarara.mg.gov.br\/wp\/wp-json\/wp\/v2\/types\/post"}],"author":[{"embeddable":true,"href":"https:\/\/www.guarara.mg.gov.br\/wp\/wp-json\/wp\/v2\/users\/2"}],"replies":[{"embeddable":true,"href":"https:\/\/www.guarara.mg.gov.br\/wp\/wp-json\/wp\/v2\/comments?post=11498"}],"version-history":[{"count":229,"href":"https:\/\/www.guarara.mg.gov.br\/wp\/wp-json\/wp\/v2\/posts\/11498\/revisions"}],"predecessor-version":[{"id":13928,"href":"https:\/\/www.guarara.mg.gov.br\/wp\/wp-json\/wp\/v2\/posts\/11498\/revisions\/13928"}],"wp:featuredmedia":[{"embeddable":true,"href":"https:\/\/www.guarara.mg.gov.br\/wp\/wp-json\/wp\/v2\/media\/11501"}],"wp:attachment":[{"href":"https:\/\/www.guarara.mg.gov.br\/wp\/wp-json\/wp\/v2\/media?parent=11498"}],"wp:term":[{"taxonomy":"category","embeddable":true,"href":"https:\/\/www.guarara.mg.gov.br\/wp\/wp-json\/wp\/v2\/categories?post=11498"},{"taxonomy":"post_tag","embeddable":true,"href":"https:\/\/www.guarara.mg.gov.br\/wp\/wp-json\/wp\/v2\/tags?post=11498"}],"curies":[{"name":"wp","href":"https:\/\/api.w.org\/{rel}","templated":true}]}}